{"id":9104,"date":"2024-07-02T10:00:29","date_gmt":"2024-07-02T09:00:29","guid":{"rendered":"https:\/\/www.vrbanknuernberg.de\/vrblog\/?p=9104"},"modified":"2025-05-08T16:02:35","modified_gmt":"2025-05-08T15:02:35","slug":"homeoffice-versicherung","status":"publish","type":"post","link":"https:\/\/www.vr-teilhaberbank.blog\/vrblog\/homeoffice-versicherung\/","title":{"rendered":"Homeoffice &#8211; bin ich eigentlich versichert?"},"content":{"rendered":"\t\t<div data-elementor-type=\"wp-post\" data-elementor-id=\"9104\" class=\"elementor elementor-9104\">\n\t\t\t\t\t\t<section class=\"elementor-section elementor-top-section elementor-element elementor-element-caa4180 elementor-section-boxed elementor-section-height-default elementor-section-height-default\" data-id=\"caa4180\" data-element_type=\"section\" data-e-type=\"section\">\n\t\t\t\t\t\t<div class=\"elementor-container elementor-column-gap-default\">\n\t\t\t\t\t<div class=\"elementor-column elementor-col-100 elementor-top-column elementor-element elementor-element-6b66b70\" data-id=\"6b66b70\" data-element_type=\"column\" data-e-type=\"column\">\n\t\t\t<div class=\"elementor-widget-wrap elementor-element-populated\">\n\t\t\t\t\t\t<div class=\"elementor-element elementor-element-a8c731d elementor-widget elementor-widget-text-editor\" data-id=\"a8c731d\" data-element_type=\"widget\" data-e-type=\"widget\" data-widget_type=\"text-editor.default\">\n\t\t\t\t<div class=\"elementor-widget-container\">\n\t\t\t\t\t\t\t\t\t<p>Sp\u00e4testens seit der Corona-Pandemie ist das Thema Homeoffice im Arbeitsalltag nicht mehr wegzudenken. Wenn Sie das mobile Arbeiten auch nutzen und viel Zeit im B\u00fcro zu Hause verbringen, sollten Sie \u00fcber Ihren Versicherungsschutz Bescheid wissen. Die ber\u00fchmt-ber\u00fcchtigten Arbeitsunf\u00e4lle zum Beispiel sind sehr stark eingegrenzt. Aber auch die Nutzung privater Gegenst\u00e4nde und R\u00e4umlichkeiten \u00f6ffnet viele Fragen zur Absicherung. Welche weiteren Versicherungen f\u00fcr Sie wichtig sind, haben wir <a href=\"https:\/\/www.vr-teilhaberbank.de\/privatkunden\/versicherung\/sachwerte-vermoegenswerte.html\" target=\"_blank\" rel=\"noopener\">hier<\/a> aufgef\u00fchrt.<\/p>\t\t\t\t\t\t\t\t<\/div>\n\t\t\t\t<\/div>\n\t\t\t\t\t<\/div>\n\t\t<\/div>\n\t\t\t\t\t<\/div>\n\t\t<\/section>\n\t\t\t\t<section class=\"elementor-section elementor-top-section elementor-element elementor-element-2adb5ff elementor-section-boxed elementor-section-height-default elementor-section-height-default\" data-id=\"2adb5ff\" data-element_type=\"section\" data-e-type=\"section\">\n\t\t\t\t\t\t<div class=\"elementor-container elementor-column-gap-default\">\n\t\t\t\t\t<div class=\"elementor-column elementor-col-100 elementor-top-column elementor-element elementor-element-501b063\" data-id=\"501b063\" data-element_type=\"column\" data-e-type=\"column\">\n\t\t\t<div class=\"elementor-widget-wrap elementor-element-populated\">\n\t\t\t\t\t\t<div class=\"elementor-element elementor-element-2a3ed30 elementor-widget elementor-widget-heading\" data-id=\"2a3ed30\" data-element_type=\"widget\" data-e-type=\"widget\" data-widget_type=\"heading.default\">\n\t\t\t\t<div class=\"elementor-widget-container\">\n\t\t\t\t\t<h2 class=\"elementor-heading-title elementor-size-default\">Unfall im Homeoffice<\/h2>\t\t\t\t<\/div>\n\t\t\t\t<\/div>\n\t\t\t\t\t<\/div>\n\t\t<\/div>\n\t\t\t\t\t<\/div>\n\t\t<\/section>\n\t\t\t\t<section class=\"elementor-section elementor-top-section elementor-element elementor-element-67aff48 elementor-section-boxed elementor-section-height-default elementor-section-height-default\" data-id=\"67aff48\" data-element_type=\"section\" data-e-type=\"section\">\n\t\t\t\t\t\t<div class=\"elementor-container elementor-column-gap-default\">\n\t\t\t\t\t<div class=\"elementor-column elementor-col-100 elementor-top-column elementor-element elementor-element-db257e6\" data-id=\"db257e6\" data-element_type=\"column\" data-e-type=\"column\">\n\t\t\t<div class=\"elementor-widget-wrap elementor-element-populated\">\n\t\t\t\t\t\t<div class=\"elementor-element elementor-element-c12df8f elementor-widget elementor-widget-text-editor\" data-id=\"c12df8f\" data-element_type=\"widget\" data-e-type=\"widget\" data-widget_type=\"text-editor.default\">\n\t\t\t\t<div class=\"elementor-widget-container\">\n\t\t\t\t\t\t\t\t\t<p>Vorab l\u00e4sst sich sagen: Auf Ihren Behandlungskosten werden Sie nicht sitzen bleiben. Denn Ihre Krankenkasse \u00fcbernimmt die Kosten. Offen ist jedoch, ob die Kasse Ihre Kosten auch \u00fcber die gesetzliche Unfallversicherung zur\u00fcckholen kann.\u00a0<\/p><p>Damit verbunden w\u00e4ren dann weitere Leistungen f\u00fcr Sie als gesch\u00e4digte Person. Optional sind n\u00e4mlich noch Verletztengeld, ein Einkommensausgleich oder sogar eine Unfallrente m\u00f6glich.<\/p><p>Mit der gesetzlichen Unfallversicherung sind Unf\u00e4lle bei der Arbeit abgesichert. Da Sie jedoch die Risiken in Ihrer Wohnung beherrschen k\u00f6nnen und Ihr Arbeitgeber darauf keinen Einfluss hat, z\u00e4hlen nur sehr konkrete F\u00e4lle als Arbeitsunf\u00e4lle.<\/p><p>Und zwar:<\/p>\t\t\t\t\t\t\t\t<\/div>\n\t\t\t\t<\/div>\n\t\t\t\t\t<\/div>\n\t\t<\/div>\n\t\t\t\t\t<\/div>\n\t\t<\/section>\n\t\t\t\t<section class=\"elementor-section elementor-top-section elementor-element elementor-element-c13dbdf elementor-section-boxed elementor-section-height-default elementor-section-height-default\" data-id=\"c13dbdf\" data-element_type=\"section\" data-e-type=\"section\">\n\t\t\t\t\t\t<div class=\"elementor-container elementor-column-gap-default\">\n\t\t\t\t\t<div class=\"elementor-column elementor-col-100 elementor-top-column elementor-element elementor-element-776344a\" data-id=\"776344a\" data-element_type=\"column\" data-e-type=\"column\">\n\t\t\t<div class=\"elementor-widget-wrap elementor-element-populated\">\n\t\t\t\t\t\t<div class=\"elementor-element elementor-element-b5e86e2 elementor-icon-list--layout-traditional elementor-list-item-link-full_width elementor-widget elementor-widget-icon-list\" data-id=\"b5e86e2\" data-element_type=\"widget\" data-e-type=\"widget\" data-widget_type=\"icon-list.default\">\n\t\t\t\t<div class=\"elementor-widget-container\">\n\t\t\t\t\t\t\t<ul class=\"elementor-icon-list-items\">\n\t\t\t\t\t\t\t<li class=\"elementor-icon-list-item\">\n\t\t\t\t\t\t\t\t\t\t\t<span class=\"elementor-icon-list-icon\">\n\t\t\t\t\t\t\t<i aria-hidden=\"true\" class=\"fas fa-check\"><\/i>\t\t\t\t\t\t<\/span>\n\t\t\t\t\t\t\t\t\t\t<span class=\"elementor-icon-list-text\">Wenn der Arbeitnehmer w\u00e4hrend des Unfallzeitpunkts eine arbeitsbezogene Besch\u00e4ftigung aus\u00fcbt<\/span>\n\t\t\t\t\t\t\t\t\t<\/li>\n\t\t\t\t\t\t\t\t<li class=\"elementor-icon-list-item\">\n\t\t\t\t\t\t\t\t\t\t\t<span class=\"elementor-icon-list-icon\">\n\t\t\t\t\t\t\t<i aria-hidden=\"true\" class=\"fas fa-check\"><\/i>\t\t\t\t\t\t<\/span>\n\t\t\t\t\t\t\t\t\t\t<span class=\"elementor-icon-list-text\">oder in Zusammenhang damit einen Betriebsweg zur\u00fccklegt<\/span>\n\t\t\t\t\t\t\t\t\t<\/li>\n\t\t\t\t\t\t<\/ul>\n\t\t\t\t\t\t<\/div>\n\t\t\t\t<\/div>\n\t\t\t\t\t<\/div>\n\t\t<\/div>\n\t\t\t\t\t<\/div>\n\t\t<\/section>\n\t\t\t\t<section class=\"elementor-section elementor-top-section elementor-element elementor-element-f3691e2 elementor-section-boxed elementor-section-height-default elementor-section-height-default\" data-id=\"f3691e2\" data-element_type=\"section\" data-e-type=\"section\">\n\t\t\t\t\t\t<div class=\"elementor-container elementor-column-gap-default\">\n\t\t\t\t\t<div class=\"elementor-column elementor-col-100 elementor-top-column elementor-element elementor-element-5b31590\" data-id=\"5b31590\" data-element_type=\"column\" data-e-type=\"column\">\n\t\t\t<div class=\"elementor-widget-wrap elementor-element-populated\">\n\t\t\t\t\t\t<div class=\"elementor-element elementor-element-7e3e6e1 elementor-widget elementor-widget-heading\" data-id=\"7e3e6e1\" data-element_type=\"widget\" data-e-type=\"widget\" data-widget_type=\"heading.default\">\n\t\t\t\t<div class=\"elementor-widget-container\">\n\t\t\t\t\t<h2 class=\"elementor-heading-title elementor-size-default\">Beispiele und Tipps<\/h2>\t\t\t\t<\/div>\n\t\t\t\t<\/div>\n\t\t\t\t\t<\/div>\n\t\t<\/div>\n\t\t\t\t\t<\/div>\n\t\t<\/section>\n\t\t\t\t<section class=\"elementor-section elementor-top-section elementor-element elementor-element-822c6f9 elementor-section-boxed elementor-section-height-default elementor-section-height-default\" data-id=\"822c6f9\" data-element_type=\"section\" data-e-type=\"section\">\n\t\t\t\t\t\t<div class=\"elementor-container elementor-column-gap-default\">\n\t\t\t\t\t<div class=\"elementor-column elementor-col-100 elementor-top-column elementor-element elementor-element-1b04fbf\" data-id=\"1b04fbf\" data-element_type=\"column\" data-e-type=\"column\">\n\t\t\t<div class=\"elementor-widget-wrap elementor-element-populated\">\n\t\t\t\t\t\t<div class=\"elementor-element elementor-element-822d577 elementor-widget elementor-widget-text-editor\" data-id=\"822d577\" data-element_type=\"widget\" data-e-type=\"widget\" data-widget_type=\"text-editor.default\">\n\t\t\t\t<div class=\"elementor-widget-container\">\n\t\t\t\t\t\t\t\t\t<p>Zur Verdeutlichung hier ein paar Beispielszenarien:<\/p>\t\t\t\t\t\t\t\t<\/div>\n\t\t\t\t<\/div>\n\t\t\t\t\t<\/div>\n\t\t<\/div>\n\t\t\t\t\t<\/div>\n\t\t<\/section>\n\t\t\t\t<section class=\"elementor-section elementor-top-section elementor-element elementor-element-09e9046 elementor-section-boxed elementor-section-height-default elementor-section-height-default\" data-id=\"09e9046\" data-element_type=\"section\" data-e-type=\"section\">\n\t\t\t\t\t\t<div class=\"elementor-container elementor-column-gap-default\">\n\t\t\t\t\t<div class=\"elementor-column elementor-col-50 elementor-top-column elementor-element elementor-element-2f1eb43\" data-id=\"2f1eb43\" data-element_type=\"column\" data-e-type=\"column\">\n\t\t\t<div class=\"elementor-widget-wrap elementor-element-populated\">\n\t\t\t\t\t\t<div class=\"elementor-element elementor-element-513ef38 elementor-view-default elementor-widget elementor-widget-icon\" data-id=\"513ef38\" data-element_type=\"widget\" data-e-type=\"widget\" data-widget_type=\"icon.default\">\n\t\t\t\t<div class=\"elementor-widget-container\">\n\t\t\t\t\t\t\t<div class=\"elementor-icon-wrapper\">\n\t\t\t<div class=\"elementor-icon\">\n\t\t\t<i aria-hidden=\"true\" class=\"fas fa-check\"><\/i>\t\t\t<\/div>\n\t\t<\/div>\n\t\t\t\t\t\t<\/div>\n\t\t\t\t<\/div>\n\t\t\t\t\t<\/div>\n\t\t<\/div>\n\t\t\t\t<div class=\"elementor-column elementor-col-50 elementor-top-column elementor-element elementor-element-4300593\" data-id=\"4300593\" data-element_type=\"column\" data-e-type=\"column\">\n\t\t\t<div class=\"elementor-widget-wrap elementor-element-populated\">\n\t\t\t\t\t\t<div class=\"elementor-element elementor-element-aa41cb4 elementor-widget elementor-widget-text-editor\" data-id=\"aa41cb4\" data-element_type=\"widget\" data-e-type=\"widget\" data-widget_type=\"text-editor.default\">\n\t\t\t\t<div class=\"elementor-widget-container\">\n\t\t\t\t\t\t\t\t\t<p>Sie ben\u00f6tigen einen bestimmten Gegenstand, um Ihre Arbeit ausf\u00fchren zu k\u00f6nnen (z.B. Unterlagen, Speichermedien oder Ger\u00e4te). Auf dem Weg dorthin und zur\u00fcck zum Arbeitsplatz sind Sie gesetzlich unfallversichert.<\/p>\t\t\t\t\t\t\t\t<\/div>\n\t\t\t\t<\/div>\n\t\t\t\t\t<\/div>\n\t\t<\/div>\n\t\t\t\t\t<\/div>\n\t\t<\/section>\n\t\t\t\t<section class=\"elementor-section elementor-top-section elementor-element elementor-element-46e09db elementor-section-boxed elementor-section-height-default elementor-section-height-default\" data-id=\"46e09db\" data-element_type=\"section\" data-e-type=\"section\">\n\t\t\t\t\t\t<div class=\"elementor-container elementor-column-gap-default\">\n\t\t\t\t\t<div class=\"elementor-column elementor-col-50 elementor-top-column elementor-element elementor-element-86c2bab\" data-id=\"86c2bab\" data-element_type=\"column\" data-e-type=\"column\">\n\t\t\t<div class=\"elementor-widget-wrap elementor-element-populated\">\n\t\t\t\t\t\t<div class=\"elementor-element elementor-element-63ba306 elementor-view-default elementor-widget elementor-widget-icon\" data-id=\"63ba306\" data-element_type=\"widget\" data-e-type=\"widget\" data-widget_type=\"icon.default\">\n\t\t\t\t<div class=\"elementor-widget-container\">\n\t\t\t\t\t\t\t<div class=\"elementor-icon-wrapper\">\n\t\t\t<div class=\"elementor-icon\">\n\t\t\t<i aria-hidden=\"true\" class=\"fas fa-times\"><\/i>\t\t\t<\/div>\n\t\t<\/div>\n\t\t\t\t\t\t<\/div>\n\t\t\t\t<\/div>\n\t\t\t\t\t<\/div>\n\t\t<\/div>\n\t\t\t\t<div class=\"elementor-column elementor-col-50 elementor-top-column elementor-element elementor-element-3c9a2f7\" data-id=\"3c9a2f7\" data-element_type=\"column\" data-e-type=\"column\">\n\t\t\t<div class=\"elementor-widget-wrap elementor-element-populated\">\n\t\t\t\t\t\t<div class=\"elementor-element elementor-element-2d93a1d elementor-widget elementor-widget-text-editor\" data-id=\"2d93a1d\" data-element_type=\"widget\" data-e-type=\"widget\" data-widget_type=\"text-editor.default\">\n\t\t\t\t<div class=\"elementor-widget-container\">\n\t\t\t\t\t\t\t\t\t<p>Sie holen sich etwas zu trinken oder gehen zur Toilette. Dann sind Sie weder in den R\u00e4umen noch auf dem Weg dorthin ein Fall f\u00fcr die Unfallkasse.<\/p>\t\t\t\t\t\t\t\t<\/div>\n\t\t\t\t<\/div>\n\t\t\t\t\t<\/div>\n\t\t<\/div>\n\t\t\t\t\t<\/div>\n\t\t<\/section>\n\t\t\t\t<section class=\"elementor-section elementor-top-section elementor-element elementor-element-650688c elementor-section-boxed elementor-section-height-default elementor-section-height-default\" data-id=\"650688c\" data-element_type=\"section\" data-e-type=\"section\">\n\t\t\t\t\t\t<div class=\"elementor-container elementor-column-gap-default\">\n\t\t\t\t\t<div class=\"elementor-column elementor-col-50 elementor-top-column elementor-element elementor-element-f3b9137\" data-id=\"f3b9137\" data-element_type=\"column\" data-e-type=\"column\">\n\t\t\t<div class=\"elementor-widget-wrap elementor-element-populated\">\n\t\t\t\t\t\t<div class=\"elementor-element elementor-element-f24e52c elementor-view-default elementor-widget elementor-widget-icon\" data-id=\"f24e52c\" data-element_type=\"widget\" data-e-type=\"widget\" data-widget_type=\"icon.default\">\n\t\t\t\t<div class=\"elementor-widget-container\">\n\t\t\t\t\t\t\t<div class=\"elementor-icon-wrapper\">\n\t\t\t<div class=\"elementor-icon\">\n\t\t\t<i aria-hidden=\"true\" class=\"fas fa-check\"><\/i>\t\t\t<\/div>\n\t\t<\/div>\n\t\t\t\t\t\t<\/div>\n\t\t\t\t<\/div>\n\t\t\t\t\t<\/div>\n\t\t<\/div>\n\t\t\t\t<div class=\"elementor-column elementor-col-50 elementor-top-column elementor-element elementor-element-c74bec5\" data-id=\"c74bec5\" data-element_type=\"column\" data-e-type=\"column\">\n\t\t\t<div class=\"elementor-widget-wrap elementor-element-populated\">\n\t\t\t\t\t\t<div class=\"elementor-element elementor-element-5fee96c elementor-widget elementor-widget-text-editor\" data-id=\"5fee96c\" data-element_type=\"widget\" data-e-type=\"widget\" data-widget_type=\"text-editor.default\">\n\t\t\t\t<div class=\"elementor-widget-container\">\n\t\t\t\t\t\t\t\t\t<p>Sie befinden sich gerade in einem anderen Raum (z.B. in der K\u00fcche und holen sich etwas zu trinken). Das Telefon klingelt und Sie eilen ins B\u00fcro, um den Anruf entgegenzunehmen. Auf dem Weg dorthin sind Sie wieder gesetzlich unfallversichert.<\/p>\t\t\t\t\t\t\t\t<\/div>\n\t\t\t\t<\/div>\n\t\t\t\t\t<\/div>\n\t\t<\/div>\n\t\t\t\t\t<\/div>\n\t\t<\/section>\n\t\t\t\t<section class=\"elementor-section elementor-top-section elementor-element elementor-element-888d5ae elementor-section-boxed elementor-section-height-default elementor-section-height-default\" data-id=\"888d5ae\" data-element_type=\"section\" data-e-type=\"section\">\n\t\t\t\t\t\t<div class=\"elementor-container elementor-column-gap-default\">\n\t\t\t\t\t<div class=\"elementor-column elementor-col-100 elementor-top-column elementor-element elementor-element-845ad97\" data-id=\"845ad97\" data-element_type=\"column\" data-e-type=\"column\">\n\t\t\t<div class=\"elementor-widget-wrap elementor-element-populated\">\n\t\t\t\t\t\t<div class=\"elementor-element elementor-element-8011c80 elementor-widget elementor-widget-text-editor\" data-id=\"8011c80\" data-element_type=\"widget\" data-e-type=\"widget\" data-widget_type=\"text-editor.default\">\n\t\t\t\t<div class=\"elementor-widget-container\">\n\t\t\t\t\t\t\t\t\t<p>Sichern Sie nach M\u00f6glichkeit Beweise f\u00fcr den Unfallhergang. Im Idealfall haben Mitbewohner oder Familienmitglieder den Hergang beobachtet oder sind zur Hilfe gekommen. Aber auch Nachweise dar\u00fcber, was Sie gerade bearbeitet haben, mit wem Sie telefonierten oder welche Mail Sie verschickt haben, k\u00f6nnen hilfreich sein. Dadurch versichern Sie glaubhaft, dass es sich um einen Arbeitsunfall handelt.<\/p>\t\t\t\t\t\t\t\t<\/div>\n\t\t\t\t<\/div>\n\t\t\t\t\t<\/div>\n\t\t<\/div>\n\t\t\t\t\t<\/div>\n\t\t<\/section>\n\t\t\t\t<section class=\"elementor-section elementor-top-section elementor-element elementor-element-8b915f3 elementor-section-boxed elementor-section-height-default elementor-section-height-default\" data-id=\"8b915f3\" data-element_type=\"section\" data-e-type=\"section\">\n\t\t\t\t\t\t<div class=\"elementor-container elementor-column-gap-default\">\n\t\t\t\t\t<div class=\"elementor-column elementor-col-100 elementor-top-column elementor-element elementor-element-64a7db8\" data-id=\"64a7db8\" data-element_type=\"column\" data-e-type=\"column\">\n\t\t\t<div class=\"elementor-widget-wrap elementor-element-populated\">\n\t\t\t\t\t\t<div class=\"elementor-element elementor-element-7962dbc elementor-widget elementor-widget-heading\" data-id=\"7962dbc\" data-element_type=\"widget\" data-e-type=\"widget\" data-widget_type=\"heading.default\">\n\t\t\t\t<div class=\"elementor-widget-container\">\n\t\t\t\t\t<h2 class=\"elementor-heading-title elementor-size-default\">Zur Erg\u00e4nzung: Privat unfallversichern<\/h2>\t\t\t\t<\/div>\n\t\t\t\t<\/div>\n\t\t\t\t\t<\/div>\n\t\t<\/div>\n\t\t\t\t\t<\/div>\n\t\t<\/section>\n\t\t\t\t<section class=\"elementor-section elementor-top-section elementor-element elementor-element-a3cc13e elementor-section-boxed elementor-section-height-default elementor-section-height-default\" data-id=\"a3cc13e\" data-element_type=\"section\" data-e-type=\"section\">\n\t\t\t\t\t\t<div class=\"elementor-container elementor-column-gap-default\">\n\t\t\t\t\t<div class=\"elementor-column elementor-col-100 elementor-top-column elementor-element elementor-element-e9f466f\" data-id=\"e9f466f\" data-element_type=\"column\" data-e-type=\"column\">\n\t\t\t<div class=\"elementor-widget-wrap elementor-element-populated\">\n\t\t\t\t\t\t<div class=\"elementor-element elementor-element-52a1802 elementor-widget elementor-widget-text-editor\" data-id=\"52a1802\" data-element_type=\"widget\" data-e-type=\"widget\" data-widget_type=\"text-editor.default\">\n\t\t\t\t<div class=\"elementor-widget-container\">\n\t\t\t\t\t\t\t\t\t<p>Um die scharfen Grenzen der gesetzlichen Unfallversicherung aufzuweichen, k\u00f6nnen Sie sich erg\u00e4nzend dazu auch privat unfallversichern. Dadurch werden nicht nur Situationen im Homeoffice abgesichert, die nicht als Arbeitsunfall z\u00e4hlen. Sondern auch viele allt\u00e4gliche private Situationen, in denen es schnell zu Unf\u00e4llen kommen kann.<\/p><p>Eine private Unfallversicherung bietet Ihnen mehrere m\u00f6gliche Leistungen:<\/p>\t\t\t\t\t\t\t\t<\/div>\n\t\t\t\t<\/div>\n\t\t\t\t\t<\/div>\n\t\t<\/div>\n\t\t\t\t\t<\/div>\n\t\t<\/section>\n\t\t\t\t<section class=\"elementor-section elementor-top-section elementor-element elementor-element-0c327e4 elementor-section-boxed elementor-section-height-default elementor-section-height-default\" data-id=\"0c327e4\" data-element_type=\"section\" data-e-type=\"section\">\n\t\t\t\t\t\t<div class=\"elementor-container elementor-column-gap-default\">\n\t\t\t\t\t<div class=\"elementor-column elementor-col-100 elementor-top-column elementor-element elementor-element-6182794\" data-id=\"6182794\" data-element_type=\"column\" data-e-type=\"column\">\n\t\t\t<div class=\"elementor-widget-wrap elementor-element-populated\">\n\t\t\t\t\t\t<div class=\"elementor-element elementor-element-72be664 elementor-icon-list--layout-traditional elementor-list-item-link-full_width elementor-widget elementor-widget-icon-list\" data-id=\"72be664\" data-element_type=\"widget\" data-e-type=\"widget\" data-widget_type=\"icon-list.default\">\n\t\t\t\t<div class=\"elementor-widget-container\">\n\t\t\t\t\t\t\t<ul class=\"elementor-icon-list-items\">\n\t\t\t\t\t\t\t<li class=\"elementor-icon-list-item\">\n\t\t\t\t\t\t\t\t\t\t\t<span class=\"elementor-icon-list-icon\">\n\t\t\t\t\t\t\t<i aria-hidden=\"true\" class=\"fas fa-check\"><\/i>\t\t\t\t\t\t<\/span>\n\t\t\t\t\t\t\t\t\t\t<span class=\"elementor-icon-list-text\">Einmalbetr\u00e4ge oder lebenslange Unfallrenten bei besonders schweren F\u00e4llen<\/span>\n\t\t\t\t\t\t\t\t\t<\/li>\n\t\t\t\t\t\t\t\t<li class=\"elementor-icon-list-item\">\n\t\t\t\t\t\t\t\t\t\t\t<span class=\"elementor-icon-list-icon\">\n\t\t\t\t\t\t\t<i aria-hidden=\"true\" class=\"fas fa-check\"><\/i>\t\t\t\t\t\t<\/span>\n\t\t\t\t\t\t\t\t\t\t<span class=\"elementor-icon-list-text\">Kostenerstattung bei unfallbedingten kosmetischen Behandlungen<\/span>\n\t\t\t\t\t\t\t\t\t<\/li>\n\t\t\t\t\t\t\t\t<li class=\"elementor-icon-list-item\">\n\t\t\t\t\t\t\t\t\t\t\t<span class=\"elementor-icon-list-icon\">\n\t\t\t\t\t\t\t<i aria-hidden=\"true\" class=\"fas fa-check\"><\/i>\t\t\t\t\t\t<\/span>\n\t\t\t\t\t\t\t\t\t\t<span class=\"elementor-icon-list-text\">Erstattung von Bergungskosten, zum Beispiel beim Wander- oder Skiurlaub<\/span>\n\t\t\t\t\t\t\t\t\t<\/li>\n\t\t\t\t\t\t\t\t<li class=\"elementor-icon-list-item\">\n\t\t\t\t\t\t\t\t\t\t\t<span class=\"elementor-icon-list-icon\">\n\t\t\t\t\t\t\t<i aria-hidden=\"true\" class=\"fas fa-check\"><\/i>\t\t\t\t\t\t<\/span>\n\t\t\t\t\t\t\t\t\t\t<span class=\"elementor-icon-list-text\">Krankenhaus-\/Tagegeld<\/span>\n\t\t\t\t\t\t\t\t\t<\/li>\n\t\t\t\t\t\t\t\t<li class=\"elementor-icon-list-item\">\n\t\t\t\t\t\t\t\t\t\t\t<span class=\"elementor-icon-list-icon\">\n\t\t\t\t\t\t\t<i aria-hidden=\"true\" class=\"fas fa-check\"><\/i>\t\t\t\t\t\t<\/span>\n\t\t\t\t\t\t\t\t\t\t<span class=\"elementor-icon-list-text\">Hilfeleistungen f\u00fcr Zuhause, etwa einen Reinigungsservice<\/span>\n\t\t\t\t\t\t\t\t\t<\/li>\n\t\t\t\t\t\t\t\t<li class=\"elementor-icon-list-item\">\n\t\t\t\t\t\t\t\t\t\t\t<span class=\"elementor-icon-list-icon\">\n\t\t\t\t\t\t\t<i aria-hidden=\"true\" class=\"fas fa-check\"><\/i>\t\t\t\t\t\t<\/span>\n\t\t\t\t\t\t\t\t\t\t<span class=\"elementor-icon-list-text\">Im schlimmsten Fall auch Todesfallleistungen f\u00fcr Ihre Hinterbliebenen<br><\/span>\n\t\t\t\t\t\t\t\t\t<\/li>\n\t\t\t\t\t\t<\/ul>\n\t\t\t\t\t\t<\/div>\n\t\t\t\t<\/div>\n\t\t\t\t\t<\/div>\n\t\t<\/div>\n\t\t\t\t\t<\/div>\n\t\t<\/section>\n\t\t\t\t<section class=\"elementor-section elementor-top-section elementor-element elementor-element-ebe4ebe elementor-section-boxed elementor-section-height-default elementor-section-height-default\" data-id=\"ebe4ebe\" data-element_type=\"section\" data-e-type=\"section\">\n\t\t\t\t\t\t<div class=\"elementor-container elementor-column-gap-default\">\n\t\t\t\t\t<div class=\"elementor-column elementor-col-100 elementor-top-column elementor-element elementor-element-a792974\" data-id=\"a792974\" data-element_type=\"column\" data-e-type=\"column\">\n\t\t\t<div class=\"elementor-widget-wrap elementor-element-populated\">\n\t\t\t\t\t\t<div class=\"elementor-element elementor-element-8a899f4 elementor-widget elementor-widget-text-editor\" data-id=\"8a899f4\" data-element_type=\"widget\" data-e-type=\"widget\" data-widget_type=\"text-editor.default\">\n\t\t\t\t<div class=\"elementor-widget-container\">\n\t\t\t\t\t\t\t\t\t<p>Haben Sie noch keine <a href=\"https:\/\/www.vr-teilhaberbank.de\/privatkunden\/versicherung-und-schuetzen\/produkte\/einkommen-familie\/unfallversicherung-ruv.html\" target=\"_blank\" rel=\"noopener\">private Unfallversicherung<\/a> und m\u00f6chten pr\u00fcfen, welcher Tarif zu Ihnen passt? Kommen Sie gerne auf uns zu! Besonders sinnvoll ist sie f\u00fcr Langzeitsch\u00e4den, zum Beispiel, wenn Sie nach einem Sturz k\u00f6rperlich beeintr\u00e4chtigt sind, ein risikantes Hobby betreiben oder sich gegen Impfsch\u00e4den absichern m\u00f6chten.<\/p><p>Um Ihr Einkommen abzusichern, bietet sich auch eine <a href=\"https:\/\/www.vr-teilhaberbank.blog\/vrblog\/mythen-berufsunfaehigkeitsversicherung\/\" target=\"_blank\" rel=\"noopener\">Berufsunf\u00e4higkeitsversicherung<\/a> an, hierzu gibt es einen separaten Blogbeitrag.<\/p>\t\t\t\t\t\t\t\t<\/div>\n\t\t\t\t<\/div>\n\t\t\t\t\t<\/div>\n\t\t<\/div>\n\t\t\t\t\t<\/div>\n\t\t<\/section>\n\t\t\t\t<section class=\"elementor-section elementor-top-section elementor-element elementor-element-8d72ad2 elementor-section-boxed elementor-section-height-default elementor-section-height-default\" data-id=\"8d72ad2\" data-element_type=\"section\" data-e-type=\"section\">\n\t\t\t\t\t\t<div class=\"elementor-container elementor-column-gap-default\">\n\t\t\t\t\t<div class=\"elementor-column elementor-col-100 elementor-top-column elementor-element elementor-element-61172e4\" data-id=\"61172e4\" data-element_type=\"column\" data-e-type=\"column\">\n\t\t\t<div class=\"elementor-widget-wrap elementor-element-populated\">\n\t\t\t\t\t\t<div class=\"elementor-element elementor-element-4124e61 elementor-widget elementor-widget-heading\" data-id=\"4124e61\" data-element_type=\"widget\" data-e-type=\"widget\" data-widget_type=\"heading.default\">\n\t\t\t\t<div class=\"elementor-widget-container\">\n\t\t\t\t\t<h2 class=\"elementor-heading-title elementor-size-default\">Sind die Arbeitsger\u00e4te im Homeoffice denn auch versichert?<\/h2>\t\t\t\t<\/div>\n\t\t\t\t<\/div>\n\t\t\t\t\t<\/div>\n\t\t<\/div>\n\t\t\t\t\t<\/div>\n\t\t<\/section>\n\t\t\t\t<section class=\"elementor-section elementor-top-section elementor-element elementor-element-108de1c elementor-section-boxed elementor-section-height-default elementor-section-height-default\" data-id=\"108de1c\" data-element_type=\"section\" data-e-type=\"section\">\n\t\t\t\t\t\t<div class=\"elementor-container elementor-column-gap-default\">\n\t\t\t\t\t<div class=\"elementor-column elementor-col-100 elementor-top-column elementor-element elementor-element-d051a7c\" data-id=\"d051a7c\" data-element_type=\"column\" data-e-type=\"column\">\n\t\t\t<div class=\"elementor-widget-wrap elementor-element-populated\">\n\t\t\t\t\t\t<div class=\"elementor-element elementor-element-b83d53f elementor-widget elementor-widget-text-editor\" data-id=\"b83d53f\" data-element_type=\"widget\" data-e-type=\"widget\" data-widget_type=\"text-editor.default\">\n\t\t\t\t<div class=\"elementor-widget-container\">\n\t\t\t\t\t\t\t\t\t<p>Grunds\u00e4tzlich deckt Ihre Hausratversicherung die Gegenst\u00e4nde innerhalb Ihres Hauses ab. Welche genau, erkl\u00e4rt eine einfache Eselsbr\u00fccke: Quasi alles, was rausfallen k\u00f6nnte, wenn Sie das Haus umdrehen. Was fest ist und nicht rausf\u00e4llt, z\u00e4hlt zur Wohngeb\u00e4udeversicherung.<\/p><p>Damit sind Ihre Arbeitsger\u00e4te ebenfalls abgedeckt und bei Sch\u00e4den kommt Ihre Versicherung daf\u00fcr auf. Im Zweifel fragen Sie einfach bei Ihrem Berater nach und vergewissern sich. Hier lohnt sich oftmals auch ein Preisvergleich bei den Tarifen.<\/p><p>Mehr Infos zur Hausrat- und Wohngeb\u00e4udeversicherung finden Sie <a href=\"https:\/\/www.vr-teilhaberbank.de\/privatkunden\/versicherung\/sachwerte-vermoegenswerte.html\" target=\"_blank\" rel=\"noopener\">hier<\/a>.<\/p>\t\t\t\t\t\t\t\t<\/div>\n\t\t\t\t<\/div>\n\t\t\t\t\t<\/div>\n\t\t<\/div>\n\t\t\t\t\t<\/div>\n\t\t<\/section>\n\t\t\t\t<section class=\"elementor-section elementor-top-section elementor-element elementor-element-85d001c elementor-section-boxed elementor-section-height-default elementor-section-height-default\" data-id=\"85d001c\" data-element_type=\"section\" data-e-type=\"section\">\n\t\t\t\t\t\t<div class=\"elementor-container elementor-column-gap-default\">\n\t\t\t\t\t<div class=\"elementor-column elementor-col-100 elementor-top-column elementor-element elementor-element-842ca4c\" data-id=\"842ca4c\" data-element_type=\"column\" data-e-type=\"column\">\n\t\t\t<div class=\"elementor-widget-wrap elementor-element-populated\">\n\t\t\t\t\t\t<div class=\"elementor-element elementor-element-1f7ca8a elementor-widget elementor-widget-heading\" data-id=\"1f7ca8a\" data-element_type=\"widget\" data-e-type=\"widget\" data-widget_type=\"heading.default\">\n\t\t\t\t<div class=\"elementor-widget-container\">\n\t\t\t\t\t<h2 class=\"elementor-heading-title elementor-size-default\">Gut zu wissen rund ums Homeoffice...<\/h2>\t\t\t\t<\/div>\n\t\t\t\t<\/div>\n\t\t\t\t\t<\/div>\n\t\t<\/div>\n\t\t\t\t\t<\/div>\n\t\t<\/section>\n\t\t\t\t<section class=\"elementor-section elementor-top-section elementor-element elementor-element-8b3abc9 elementor-section-boxed elementor-section-height-default elementor-section-height-default\" data-id=\"8b3abc9\" data-element_type=\"section\" data-e-type=\"section\">\n\t\t\t\t\t\t<div class=\"elementor-container elementor-column-gap-default\">\n\t\t\t\t\t<div class=\"elementor-column elementor-col-100 elementor-top-column elementor-element elementor-element-44c8104\" data-id=\"44c8104\" data-element_type=\"column\" data-e-type=\"column\">\n\t\t\t<div class=\"elementor-widget-wrap elementor-element-populated\">\n\t\t\t\t\t\t<div class=\"elementor-element elementor-element-e33d0c7 elementor-icon-list--layout-traditional elementor-list-item-link-full_width elementor-widget elementor-widget-icon-list\" data-id=\"e33d0c7\" data-element_type=\"widget\" data-e-type=\"widget\" data-widget_type=\"icon-list.default\">\n\t\t\t\t<div class=\"elementor-widget-container\">\n\t\t\t\t\t\t\t<ul class=\"elementor-icon-list-items\">\n\t\t\t\t\t\t\t<li class=\"elementor-icon-list-item\">\n\t\t\t\t\t\t\t\t\t\t\t<span class=\"elementor-icon-list-icon\">\n\t\t\t\t\t\t\t<i aria-hidden=\"true\" class=\"fas fa-lightbulb\"><\/i>\t\t\t\t\t\t<\/span>\n\t\t\t\t\t\t\t\t\t\t<span class=\"elementor-icon-list-text\">Die Arbeit aus dem Homeoffice kann nur angeordnet werden, wenn Sie vorher eine entsprechende Vereinbarung mit Ihrem Arbeitgeber getroffen haben.<\/span>\n\t\t\t\t\t\t\t\t\t<\/li>\n\t\t\t\t\t\t\t\t<li class=\"elementor-icon-list-item\">\n\t\t\t\t\t\t\t\t\t\t\t<span class=\"elementor-icon-list-icon\">\n\t\t\t\t\t\t\t<i aria-hidden=\"true\" class=\"fas fa-lightbulb\"><\/i>\t\t\t\t\t\t<\/span>\n\t\t\t\t\t\t\t\t\t\t<span class=\"elementor-icon-list-text\">Es besteht ein Unterschied zwischen Homeoffice und Mobilem Arbeiten. Homeoffice bezeichnet einen konkreten, separaten Arbeitsplatz zu Hause. Mobiles Arbeiten dagegen die M\u00f6glichkeit, auch an anderen Orten als der Betriebsst\u00e4tte zu arbeiten. Etwa beim Kunden oder unterwegs. <\/span>\n\t\t\t\t\t\t\t\t\t<\/li>\n\t\t\t\t\t\t\t\t<li class=\"elementor-icon-list-item\">\n\t\t\t\t\t\t\t\t\t\t\t<span class=\"elementor-icon-list-icon\">\n\t\t\t\t\t\t\t<i aria-hidden=\"true\" class=\"fas fa-lightbulb\"><\/i>\t\t\t\t\t\t<\/span>\n\t\t\t\t\t\t\t\t\t\t<span class=\"elementor-icon-list-text\">Kosten f\u00fcr Ihr Homeoffice k\u00f6nnen zum Teil steuerlich geltend gemacht werden. Setzen Sie sich f\u00fcr Ihre individuellen M\u00f6glichkeiten mit Ihrem Steuerberater in Verbindung.<\/span>\n\t\t\t\t\t\t\t\t\t<\/li>\n\t\t\t\t\t\t\t\t<li class=\"elementor-icon-list-item\">\n\t\t\t\t\t\t\t\t\t\t\t<span class=\"elementor-icon-list-icon\">\n\t\t\t\t\t\t\t<i aria-hidden=\"true\" class=\"fas fa-lightbulb\"><\/i>\t\t\t\t\t\t<\/span>\n\t\t\t\t\t\t\t\t\t\t<span class=\"elementor-icon-list-text\">Die pl\u00f6tzliche Arbeit in der h\u00e4uslichen Umgebung kann auch zu Spannungen zwischen den dort wohnenden Personen f\u00fchren. Behalten Sie im Blick, wie sich die Beziehung zu Ihren Mitmenschen entwickelt. Stellen Sie auch hier nach Bedarf konkrete Regeln auf.<\/span>\n\t\t\t\t\t\t\t\t\t<\/li>\n\t\t\t\t\t\t<\/ul>\n\t\t\t\t\t\t<\/div>\n\t\t\t\t<\/div>\n\t\t\t\t\t<\/div>\n\t\t<\/div>\n\t\t\t\t\t<\/div>\n\t\t<\/section>\n\t\t\t\t<section class=\"elementor-section elementor-top-section elementor-element elementor-element-281ba6c elementor-section-boxed elementor-section-height-default elementor-section-height-default\" data-id=\"281ba6c\" data-element_type=\"section\" data-e-type=\"section\" data-settings=\"{&quot;background_background&quot;:&quot;gradient&quot;}\">\n\t\t\t\t\t\t\t<div class=\"elementor-background-overlay\"><\/div>\n\t\t\t\t\t\t\t<div class=\"elementor-container elementor-column-gap-default\">\n\t\t\t\t\t<div class=\"elementor-column elementor-col-50 elementor-top-column elementor-element elementor-element-c5e5c31\" data-id=\"c5e5c31\" data-element_type=\"column\" data-e-type=\"column\">\n\t\t\t<div class=\"elementor-widget-wrap elementor-element-populated\">\n\t\t\t\t\t\t<div class=\"elementor-element elementor-element-813e35d elementor-widget elementor-widget-heading\" data-id=\"813e35d\" data-element_type=\"widget\" data-e-type=\"widget\" data-widget_type=\"heading.default\">\n\t\t\t\t<div class=\"elementor-widget-container\">\n\t\t\t\t\t<div class=\"elementor-heading-title elementor-size-default\">Gerne sind wir bei R\u00fcckfragen zu den Versicherungen im Homeoffice auch pers\u00f6nlich f\u00fcr Sie da. Vereinbaren Sie gerne online einen Beratungstermin oder ein Telefongespr\u00e4ch.<\/div>\t\t\t\t<\/div>\n\t\t\t\t<\/div>\n\t\t\t\t\t<\/div>\n\t\t<\/div>\n\t\t\t\t<div class=\"elementor-column elementor-col-50 elementor-top-column elementor-element elementor-element-2ce8015\" data-id=\"2ce8015\" data-element_type=\"column\" data-e-type=\"column\">\n\t\t\t<div class=\"elementor-widget-wrap elementor-element-populated\">\n\t\t\t\t\t\t<div class=\"elementor-element elementor-element-78876a0 elementor-align-center elementor-widget elementor-widget-button\" data-id=\"78876a0\" data-element_type=\"widget\" data-e-type=\"widget\" data-settings=\"{&quot;_animation&quot;:&quot;none&quot;}\" data-widget_type=\"button.default\">\n\t\t\t\t<div class=\"elementor-widget-container\">\n\t\t\t\t\t\t\t\t\t<div class=\"elementor-button-wrapper\">\n\t\t\t\t\t<a class=\"elementor-button elementor-button-link elementor-size-md elementor-animation-grow-rotate\" href=\"https:\/\/www.vr-teilhaberbank.de\/service\/online-services\/online-terminvereinbarung.html\">\n\t\t\t\t\t\t<span class=\"elementor-button-content-wrapper\">\n\t\t\t\t\t\t<span class=\"elementor-button-icon\">\n\t\t\t\t<i aria-hidden=\"true\" class=\"fas fa-user-tie\"><\/i>\t\t\t<\/span>\n\t\t\t\t\t\t\t\t\t<span class=\"elementor-button-text\">Jetzt Termin vereinbaren<\/span>\n\t\t\t\t\t<\/span>\n\t\t\t\t\t<\/a>\n\t\t\t\t<\/div>\n\t\t\t\t\t\t\t\t<\/div>\n\t\t\t\t<\/div>\n\t\t\t\t\t<\/div>\n\t\t<\/div>\n\t\t\t\t\t<\/div>\n\t\t<\/section>\n\t\t\t\t<\/div>\n\t\t","protected":false},"excerpt":{"rendered":"<p>Sp\u00e4testens seit der Corona-Pandemie ist das Thema Homeoffice im Arbeitsalltag nicht mehr wegzudenken. Wenn Sie das mobile Arbeiten auch nutzen und viel Zeit im B\u00fcro zu Hause verbringen, sollten Sie \u00fcber Ihren Versicherungsschutz Bescheid wissen. Die ber\u00fchmt-ber\u00fcchtigten Arbeitsunf\u00e4lle zum Beispiel sind sehr stark eingegrenzt. Aber auch die Nutzung privater Gegenst\u00e4nde und R\u00e4umlichkeiten \u00f6ffnet viele Fragen&hellip;&nbsp;<a href=\"https:\/\/www.vr-teilhaberbank.blog\/vrblog\/homeoffice-versicherung\/\" rel=\"bookmark\">Weiterlesen &raquo;<span class=\"screen-reader-text\">Homeoffice &#8211; bin ich eigentlich versichert?<\/span><\/a><\/p>\n","protected":false},"author":15,"featured_media":9246,"comment_status":"open","ping_status":"closed","sticky":false,"template":"","format":"standard","meta":{"neve_meta_sidebar":"","neve_meta_container":"","neve_meta_enable_content_width":"off","neve_meta_content_width":70,"neve_meta_title_alignment":"","neve_meta_author_avatar":"","neve_post_elements_order":"","neve_meta_disable_header":"","neve_meta_disable_footer":"","neve_meta_disable_title":"","footnotes":""},"categories":[227,4],"tags":[486,551,554,552,555,424,553,22],"class_list":["post-9104","post","type-post","status-publish","format-standard","has-post-thumbnail","hentry","category-sicherheit","category-vr-teilhaber-blog","tag-corona","tag-home-office","tag-pandemie","tag-unfall","tag-unfallrisiko","tag-unfallversicherung","tag-versichert","tag-versicherung"],"yoast_head":"<!-- This site is optimized with the Yoast SEO plugin v27.5 - https:\/\/yoast.com\/product\/yoast-seo-wordpress\/ -->\n<title>Homeoffice - bin ich eigentlich versichert? - VR Teilhaber Blog<\/title>\n<meta name=\"description\" content=\"Sind Sie seit Corona auch viel im Homeoffice? Wissen Sie, ob Sie noch durch Ihren Arbeitgeber bei Unf\u00e4llen versichert sind?\" \/>\n<meta name=\"robots\" content=\"index, follow, max-snippet:-1, max-image-preview:large, max-video-preview:-1\" \/>\n<link rel=\"canonical\" href=\"https:\/\/www.vr-teilhaberbank.blog\/vrblog\/homeoffice-versicherung\/\" \/>\n<meta property=\"og:locale\" content=\"de_DE\" \/>\n<meta property=\"og:type\" content=\"article\" \/>\n<meta property=\"og:title\" content=\"Homeoffice - bin ich eigentlich versichert? - VR Teilhaber Blog\" \/>\n<meta property=\"og:description\" content=\"Sind Sie seit Corona auch viel im Homeoffice? Wissen Sie, ob Sie noch durch Ihren Arbeitgeber bei Unf\u00e4llen versichert sind?\" \/>\n<meta property=\"og:url\" content=\"https:\/\/www.vr-teilhaberbank.blog\/vrblog\/homeoffice-versicherung\/\" \/>\n<meta property=\"og:site_name\" content=\"VR Teilhaber Blog\" \/>\n<meta property=\"article:publisher\" content=\"https:\/\/www.facebook.com\/vrbankmetropolregion\" \/>\n<meta property=\"article:published_time\" content=\"2024-07-02T09:00:29+00:00\" \/>\n<meta property=\"article:modified_time\" content=\"2025-05-08T15:02:35+00:00\" \/>\n<meta property=\"og:image\" content=\"https:\/\/www.vr-teilhaberbank.blog\/vrblog\/wp-content\/uploads\/2021\/02\/02_Homeoffice.jpg\" \/>\n\t<meta property=\"og:image:width\" content=\"700\" \/>\n\t<meta property=\"og:image:height\" content=\"428\" \/>\n\t<meta property=\"og:image:type\" content=\"image\/jpeg\" \/>\n<meta name=\"author\" content=\"Redaktionsteam\" \/>\n<meta name=\"twitter:card\" content=\"summary_large_image\" \/>\n<meta name=\"twitter:label1\" content=\"Verfasst von\" \/>\n\t<meta name=\"twitter:data1\" content=\"Redaktionsteam\" \/>\n\t<meta name=\"twitter:label2\" content=\"Gesch\u00e4tzte Lesezeit\" \/>\n\t<meta name=\"twitter:data2\" content=\"5\u00a0Minuten\" \/>\n<script type=\"application\/ld+json\" class=\"yoast-schema-graph\">{\"@context\":\"https:\\\/\\\/schema.org\",\"@graph\":[{\"@type\":[\"Article\",\"BlogPosting\"],\"@id\":\"https:\\\/\\\/www.vr-teilhaberbank.blog\\\/vrblog\\\/homeoffice-versicherung\\\/#article\",\"isPartOf\":{\"@id\":\"https:\\\/\\\/www.vr-teilhaberbank.blog\\\/vrblog\\\/homeoffice-versicherung\\\/\"},\"author\":{\"name\":\"Redaktionsteam\",\"@id\":\"https:\\\/\\\/www.vr-teilhaberbank.blog\\\/vrblog\\\/#\\\/schema\\\/person\\\/b15f00e06b463ee1585b103f108ddd4a\"},\"headline\":\"Homeoffice &#8211; bin ich eigentlich versichert?\",\"datePublished\":\"2024-07-02T09:00:29+00:00\",\"dateModified\":\"2025-05-08T15:02:35+00:00\",\"mainEntityOfPage\":{\"@id\":\"https:\\\/\\\/www.vr-teilhaberbank.blog\\\/vrblog\\\/homeoffice-versicherung\\\/\"},\"wordCount\":823,\"commentCount\":0,\"publisher\":{\"@id\":\"https:\\\/\\\/www.vr-teilhaberbank.blog\\\/vrblog\\\/#organization\"},\"image\":{\"@id\":\"https:\\\/\\\/www.vr-teilhaberbank.blog\\\/vrblog\\\/homeoffice-versicherung\\\/#primaryimage\"},\"thumbnailUrl\":\"https:\\\/\\\/www.vr-teilhaberbank.blog\\\/vrblog\\\/wp-content\\\/uploads\\\/2021\\\/02\\\/02_Homeoffice.jpg\",\"keywords\":[\"corona\",\"Home Office\",\"Pandemie\",\"Unfall\",\"Unfallrisiko\",\"Unfallversicherung\",\"versichert\",\"versicherung\"],\"articleSection\":[\"Sicherheit\",\"VR Teilhaber Blog\"],\"inLanguage\":\"de\",\"potentialAction\":[{\"@type\":\"CommentAction\",\"name\":\"Comment\",\"target\":[\"https:\\\/\\\/www.vr-teilhaberbank.blog\\\/vrblog\\\/homeoffice-versicherung\\\/#respond\"]}]},{\"@type\":\"WebPage\",\"@id\":\"https:\\\/\\\/www.vr-teilhaberbank.blog\\\/vrblog\\\/homeoffice-versicherung\\\/\",\"url\":\"https:\\\/\\\/www.vr-teilhaberbank.blog\\\/vrblog\\\/homeoffice-versicherung\\\/\",\"name\":\"Homeoffice - bin ich eigentlich versichert? - VR Teilhaber Blog\",\"isPartOf\":{\"@id\":\"https:\\\/\\\/www.vr-teilhaberbank.blog\\\/vrblog\\\/#website\"},\"primaryImageOfPage\":{\"@id\":\"https:\\\/\\\/www.vr-teilhaberbank.blog\\\/vrblog\\\/homeoffice-versicherung\\\/#primaryimage\"},\"image\":{\"@id\":\"https:\\\/\\\/www.vr-teilhaberbank.blog\\\/vrblog\\\/homeoffice-versicherung\\\/#primaryimage\"},\"thumbnailUrl\":\"https:\\\/\\\/www.vr-teilhaberbank.blog\\\/vrblog\\\/wp-content\\\/uploads\\\/2021\\\/02\\\/02_Homeoffice.jpg\",\"datePublished\":\"2024-07-02T09:00:29+00:00\",\"dateModified\":\"2025-05-08T15:02:35+00:00\",\"description\":\"Sind Sie seit Corona auch viel im Homeoffice? Wissen Sie, ob Sie noch durch Ihren Arbeitgeber bei Unf\u00e4llen versichert sind?\",\"inLanguage\":\"de\",\"potentialAction\":[{\"@type\":\"ReadAction\",\"target\":[\"https:\\\/\\\/www.vr-teilhaberbank.blog\\\/vrblog\\\/homeoffice-versicherung\\\/\"]}]},{\"@type\":\"ImageObject\",\"inLanguage\":\"de\",\"@id\":\"https:\\\/\\\/www.vr-teilhaberbank.blog\\\/vrblog\\\/homeoffice-versicherung\\\/#primaryimage\",\"url\":\"https:\\\/\\\/www.vr-teilhaberbank.blog\\\/vrblog\\\/wp-content\\\/uploads\\\/2021\\\/02\\\/02_Homeoffice.jpg\",\"contentUrl\":\"https:\\\/\\\/www.vr-teilhaberbank.blog\\\/vrblog\\\/wp-content\\\/uploads\\\/2021\\\/02\\\/02_Homeoffice.jpg\",\"width\":700,\"height\":428,\"caption\":\"Mann sitzt am Fenster in seinem Homeoffice und h\u00e4lt ein Smartphone in der Hand\"},{\"@type\":\"WebSite\",\"@id\":\"https:\\\/\\\/www.vr-teilhaberbank.blog\\\/vrblog\\\/#website\",\"url\":\"https:\\\/\\\/www.vr-teilhaberbank.blog\\\/vrblog\\\/\",\"name\":\"VR Teilhaber Blog\",\"description\":\"Mit \u2764 von der VR TeilhaberBank erstellt\",\"publisher\":{\"@id\":\"https:\\\/\\\/www.vr-teilhaberbank.blog\\\/vrblog\\\/#organization\"},\"potentialAction\":[{\"@type\":\"SearchAction\",\"target\":{\"@type\":\"EntryPoint\",\"urlTemplate\":\"https:\\\/\\\/www.vr-teilhaberbank.blog\\\/vrblog\\\/?s={search_term_string}\"},\"query-input\":{\"@type\":\"PropertyValueSpecification\",\"valueRequired\":true,\"valueName\":\"search_term_string\"}}],\"inLanguage\":\"de\"},{\"@type\":\"Organization\",\"@id\":\"https:\\\/\\\/www.vr-teilhaberbank.blog\\\/vrblog\\\/#organization\",\"name\":\"VR Teilhaber Blog\",\"url\":\"https:\\\/\\\/www.vr-teilhaberbank.blog\\\/vrblog\\\/\",\"logo\":{\"@type\":\"ImageObject\",\"inLanguage\":\"de\",\"@id\":\"https:\\\/\\\/www.vr-teilhaberbank.blog\\\/vrblog\\\/#\\\/schema\\\/logo\\\/image\\\/\",\"url\":\"https:\\\/\\\/www.vr-teilhaberbank.blog\\\/vrblog\\\/wp-content\\\/uploads\\\/2021\\\/09\\\/cropped-Blog-VR-Bank-Logo.png\",\"contentUrl\":\"https:\\\/\\\/www.vr-teilhaberbank.blog\\\/vrblog\\\/wp-content\\\/uploads\\\/2021\\\/09\\\/cropped-Blog-VR-Bank-Logo.png\",\"width\":400,\"height\":100,\"caption\":\"VR Teilhaber Blog\"},\"image\":{\"@id\":\"https:\\\/\\\/www.vr-teilhaberbank.blog\\\/vrblog\\\/#\\\/schema\\\/logo\\\/image\\\/\"},\"sameAs\":[\"https:\\\/\\\/www.facebook.com\\\/vrbankmetropolregion\",\"https:\\\/\\\/www.instagram.com\\\/vr_bank_metropolregion\"]},{\"@type\":\"Person\",\"@id\":\"https:\\\/\\\/www.vr-teilhaberbank.blog\\\/vrblog\\\/#\\\/schema\\\/person\\\/b15f00e06b463ee1585b103f108ddd4a\",\"name\":\"Redaktionsteam\",\"image\":{\"@type\":\"ImageObject\",\"inLanguage\":\"de\",\"@id\":\"https:\\\/\\\/secure.gravatar.com\\\/avatar\\\/9cc17df0fc7cd24f8c69cc53c9f3cd68d43505f6464ca5c33a9350a8beb957d5?s=96&d=mm&r=g\",\"url\":\"https:\\\/\\\/secure.gravatar.com\\\/avatar\\\/9cc17df0fc7cd24f8c69cc53c9f3cd68d43505f6464ca5c33a9350a8beb957d5?s=96&d=mm&r=g\",\"contentUrl\":\"https:\\\/\\\/secure.gravatar.com\\\/avatar\\\/9cc17df0fc7cd24f8c69cc53c9f3cd68d43505f6464ca5c33a9350a8beb957d5?s=96&d=mm&r=g\",\"caption\":\"Redaktionsteam\"},\"description\":\"Manchmal ist die Meinung des gesamten Teams gefragt. Egal ob es um Finanzen, unsere Region oder den n\u00e4chsten Urlaub geht - jeder hat eine andere Meinung und Vorliebe! Deshalb schreiben wir ab und an auch Beitr\u00e4ge zusammen :)\",\"sameAs\":[\"https:\\\/\\\/www.vr-bank-nuernberg.de\\\/teilhaberbank.html\"],\"url\":\"https:\\\/\\\/www.vr-teilhaberbank.blog\\\/vrblog\\\/author\\\/redaktionsteam\\\/\"}]}<\/script>\n<!-- \/ Yoast SEO plugin. -->","yoast_head_json":{"title":"Homeoffice - bin ich eigentlich versichert? - VR Teilhaber Blog","description":"Sind Sie seit Corona auch viel im Homeoffice? Wissen Sie, ob Sie noch durch Ihren Arbeitgeber bei Unf\u00e4llen versichert sind?","robots":{"index":"index","follow":"follow","max-snippet":"max-snippet:-1","max-image-preview":"max-image-preview:large","max-video-preview":"max-video-preview:-1"},"canonical":"https:\/\/www.vr-teilhaberbank.blog\/vrblog\/homeoffice-versicherung\/","og_locale":"de_DE","og_type":"article","og_title":"Homeoffice - bin ich eigentlich versichert? - VR Teilhaber Blog","og_description":"Sind Sie seit Corona auch viel im Homeoffice? Wissen Sie, ob Sie noch durch Ihren Arbeitgeber bei Unf\u00e4llen versichert sind?","og_url":"https:\/\/www.vr-teilhaberbank.blog\/vrblog\/homeoffice-versicherung\/","og_site_name":"VR Teilhaber Blog","article_publisher":"https:\/\/www.facebook.com\/vrbankmetropolregion","article_published_time":"2024-07-02T09:00:29+00:00","article_modified_time":"2025-05-08T15:02:35+00:00","og_image":[{"width":700,"height":428,"url":"https:\/\/www.vr-teilhaberbank.blog\/vrblog\/wp-content\/uploads\/2021\/02\/02_Homeoffice.jpg","type":"image\/jpeg"}],"author":"Redaktionsteam","twitter_card":"summary_large_image","twitter_misc":{"Verfasst von":"Redaktionsteam","Gesch\u00e4tzte Lesezeit":"5\u00a0Minuten"},"schema":{"@context":"https:\/\/schema.org","@graph":[{"@type":["Article","BlogPosting"],"@id":"https:\/\/www.vr-teilhaberbank.blog\/vrblog\/homeoffice-versicherung\/#article","isPartOf":{"@id":"https:\/\/www.vr-teilhaberbank.blog\/vrblog\/homeoffice-versicherung\/"},"author":{"name":"Redaktionsteam","@id":"https:\/\/www.vr-teilhaberbank.blog\/vrblog\/#\/schema\/person\/b15f00e06b463ee1585b103f108ddd4a"},"headline":"Homeoffice &#8211; bin ich eigentlich versichert?","datePublished":"2024-07-02T09:00:29+00:00","dateModified":"2025-05-08T15:02:35+00:00","mainEntityOfPage":{"@id":"https:\/\/www.vr-teilhaberbank.blog\/vrblog\/homeoffice-versicherung\/"},"wordCount":823,"commentCount":0,"publisher":{"@id":"https:\/\/www.vr-teilhaberbank.blog\/vrblog\/#organization"},"image":{"@id":"https:\/\/www.vr-teilhaberbank.blog\/vrblog\/homeoffice-versicherung\/#primaryimage"},"thumbnailUrl":"https:\/\/www.vr-teilhaberbank.blog\/vrblog\/wp-content\/uploads\/2021\/02\/02_Homeoffice.jpg","keywords":["corona","Home Office","Pandemie","Unfall","Unfallrisiko","Unfallversicherung","versichert","versicherung"],"articleSection":["Sicherheit","VR Teilhaber Blog"],"inLanguage":"de","potentialAction":[{"@type":"CommentAction","name":"Comment","target":["https:\/\/www.vr-teilhaberbank.blog\/vrblog\/homeoffice-versicherung\/#respond"]}]},{"@type":"WebPage","@id":"https:\/\/www.vr-teilhaberbank.blog\/vrblog\/homeoffice-versicherung\/","url":"https:\/\/www.vr-teilhaberbank.blog\/vrblog\/homeoffice-versicherung\/","name":"Homeoffice - bin ich eigentlich versichert? - VR Teilhaber Blog","isPartOf":{"@id":"https:\/\/www.vr-teilhaberbank.blog\/vrblog\/#website"},"primaryImageOfPage":{"@id":"https:\/\/www.vr-teilhaberbank.blog\/vrblog\/homeoffice-versicherung\/#primaryimage"},"image":{"@id":"https:\/\/www.vr-teilhaberbank.blog\/vrblog\/homeoffice-versicherung\/#primaryimage"},"thumbnailUrl":"https:\/\/www.vr-teilhaberbank.blog\/vrblog\/wp-content\/uploads\/2021\/02\/02_Homeoffice.jpg","datePublished":"2024-07-02T09:00:29+00:00","dateModified":"2025-05-08T15:02:35+00:00","description":"Sind Sie seit Corona auch viel im Homeoffice? Wissen Sie, ob Sie noch durch Ihren Arbeitgeber bei Unf\u00e4llen versichert sind?","inLanguage":"de","potentialAction":[{"@type":"ReadAction","target":["https:\/\/www.vr-teilhaberbank.blog\/vrblog\/homeoffice-versicherung\/"]}]},{"@type":"ImageObject","inLanguage":"de","@id":"https:\/\/www.vr-teilhaberbank.blog\/vrblog\/homeoffice-versicherung\/#primaryimage","url":"https:\/\/www.vr-teilhaberbank.blog\/vrblog\/wp-content\/uploads\/2021\/02\/02_Homeoffice.jpg","contentUrl":"https:\/\/www.vr-teilhaberbank.blog\/vrblog\/wp-content\/uploads\/2021\/02\/02_Homeoffice.jpg","width":700,"height":428,"caption":"Mann sitzt am Fenster in seinem Homeoffice und h\u00e4lt ein Smartphone in der Hand"},{"@type":"WebSite","@id":"https:\/\/www.vr-teilhaberbank.blog\/vrblog\/#website","url":"https:\/\/www.vr-teilhaberbank.blog\/vrblog\/","name":"VR Teilhaber Blog","description":"Mit \u2764 von der VR TeilhaberBank erstellt","publisher":{"@id":"https:\/\/www.vr-teilhaberbank.blog\/vrblog\/#organization"},"potentialAction":[{"@type":"SearchAction","target":{"@type":"EntryPoint","urlTemplate":"https:\/\/www.vr-teilhaberbank.blog\/vrblog\/?s={search_term_string}"},"query-input":{"@type":"PropertyValueSpecification","valueRequired":true,"valueName":"search_term_string"}}],"inLanguage":"de"},{"@type":"Organization","@id":"https:\/\/www.vr-teilhaberbank.blog\/vrblog\/#organization","name":"VR Teilhaber Blog","url":"https:\/\/www.vr-teilhaberbank.blog\/vrblog\/","logo":{"@type":"ImageObject","inLanguage":"de","@id":"https:\/\/www.vr-teilhaberbank.blog\/vrblog\/#\/schema\/logo\/image\/","url":"https:\/\/www.vr-teilhaberbank.blog\/vrblog\/wp-content\/uploads\/2021\/09\/cropped-Blog-VR-Bank-Logo.png","contentUrl":"https:\/\/www.vr-teilhaberbank.blog\/vrblog\/wp-content\/uploads\/2021\/09\/cropped-Blog-VR-Bank-Logo.png","width":400,"height":100,"caption":"VR Teilhaber Blog"},"image":{"@id":"https:\/\/www.vr-teilhaberbank.blog\/vrblog\/#\/schema\/logo\/image\/"},"sameAs":["https:\/\/www.facebook.com\/vrbankmetropolregion","https:\/\/www.instagram.com\/vr_bank_metropolregion"]},{"@type":"Person","@id":"https:\/\/www.vr-teilhaberbank.blog\/vrblog\/#\/schema\/person\/b15f00e06b463ee1585b103f108ddd4a","name":"Redaktionsteam","image":{"@type":"ImageObject","inLanguage":"de","@id":"https:\/\/secure.gravatar.com\/avatar\/9cc17df0fc7cd24f8c69cc53c9f3cd68d43505f6464ca5c33a9350a8beb957d5?s=96&d=mm&r=g","url":"https:\/\/secure.gravatar.com\/avatar\/9cc17df0fc7cd24f8c69cc53c9f3cd68d43505f6464ca5c33a9350a8beb957d5?s=96&d=mm&r=g","contentUrl":"https:\/\/secure.gravatar.com\/avatar\/9cc17df0fc7cd24f8c69cc53c9f3cd68d43505f6464ca5c33a9350a8beb957d5?s=96&d=mm&r=g","caption":"Redaktionsteam"},"description":"Manchmal ist die Meinung des gesamten Teams gefragt. Egal ob es um Finanzen, unsere Region oder den n\u00e4chsten Urlaub geht - jeder hat eine andere Meinung und Vorliebe! Deshalb schreiben wir ab und an auch Beitr\u00e4ge zusammen :)","sameAs":["https:\/\/www.vr-bank-nuernberg.de\/teilhaberbank.html"],"url":"https:\/\/www.vr-teilhaberbank.blog\/vrblog\/author\/redaktionsteam\/"}]}},"_links":{"self":[{"href":"https:\/\/www.vr-teilhaberbank.blog\/vrblog\/wp-json\/wp\/v2\/posts\/9104","targetHints":{"allow":["GET"]}}],"collection":[{"href":"https:\/\/www.vr-teilhaberbank.blog\/vrblog\/wp-json\/wp\/v2\/posts"}],"about":[{"href":"https:\/\/www.vr-teilhaberbank.blog\/vrblog\/wp-json\/wp\/v2\/types\/post"}],"author":[{"embeddable":true,"href":"https:\/\/www.vr-teilhaberbank.blog\/vrblog\/wp-json\/wp\/v2\/users\/15"}],"replies":[{"embeddable":true,"href":"https:\/\/www.vr-teilhaberbank.blog\/vrblog\/wp-json\/wp\/v2\/comments?post=9104"}],"version-history":[{"count":50,"href":"https:\/\/www.vr-teilhaberbank.blog\/vrblog\/wp-json\/wp\/v2\/posts\/9104\/revisions"}],"predecessor-version":[{"id":19900,"href":"https:\/\/www.vr-teilhaberbank.blog\/vrblog\/wp-json\/wp\/v2\/posts\/9104\/revisions\/19900"}],"wp:featuredmedia":[{"embeddable":true,"href":"https:\/\/www.vr-teilhaberbank.blog\/vrblog\/wp-json\/wp\/v2\/media\/9246"}],"wp:attachment":[{"href":"https:\/\/www.vr-teilhaberbank.blog\/vrblog\/wp-json\/wp\/v2\/media?parent=9104"}],"wp:term":[{"taxonomy":"category","embeddable":true,"href":"https:\/\/www.vr-teilhaberbank.blog\/vrblog\/wp-json\/wp\/v2\/categories?post=9104"},{"taxonomy":"post_tag","embeddable":true,"href":"https:\/\/www.vr-teilhaberbank.blog\/vrblog\/wp-json\/wp\/v2\/tags?post=9104"}],"curies":[{"name":"wp","href":"https:\/\/api.w.org\/{rel}","templated":true}]}}