{"id":7666,"date":"2024-08-01T07:36:46","date_gmt":"2024-08-01T06:36:46","guid":{"rendered":"https:\/\/www.vrbanknuernberg.de\/vrblog\/?p=7666"},"modified":"2025-05-08T13:11:29","modified_gmt":"2025-05-08T12:11:29","slug":"herbstwanderungen-in-franken","status":"publish","type":"post","link":"https:\/\/www.vr-teilhaberbank.blog\/vrblog\/herbstwanderungen-in-franken\/","title":{"rendered":"Die 5 sch\u00f6nsten Herbstwanderungen in Franken"},"content":{"rendered":"\t\t<div data-elementor-type=\"wp-post\" data-elementor-id=\"7666\" class=\"elementor elementor-7666\">\n\t\t\t\t\t\t<section class=\"elementor-section elementor-top-section elementor-element elementor-element-1901c5a elementor-section-boxed elementor-section-height-default elementor-section-height-default\" data-id=\"1901c5a\" data-element_type=\"section\" data-e-type=\"section\">\n\t\t\t\t\t\t<div class=\"elementor-container elementor-column-gap-default\">\n\t\t\t\t\t<div class=\"elementor-column elementor-col-100 elementor-top-column elementor-element elementor-element-ccb3236\" data-id=\"ccb3236\" data-element_type=\"column\" data-e-type=\"column\">\n\t\t\t<div class=\"elementor-widget-wrap elementor-element-populated\">\n\t\t\t\t\t\t<div class=\"elementor-element elementor-element-3c98977 elementor-widget elementor-widget-text-editor\" data-id=\"3c98977\" data-element_type=\"widget\" data-e-type=\"widget\" data-widget_type=\"text-editor.default\">\n\t\t\t\t<div class=\"elementor-widget-container\">\n\t\t\t\t\t\t\t\t\t<p>Wandern kann man nat\u00fcrlich am besten in den Bergen. Und am besten bei sch\u00f6nem Wetter. Ganz klar. Wie sch\u00f6n es zum Wandern bei uns in der Region ist, vergessen allerdings viele. Wenn sich das Laub dann auch noch in bunten Farben leuchtet, kann man die Aussicht ganz besonders genie\u00dfen. Wir haben ein paar der sch\u00f6nsten Herbstwanderungen in Franken f\u00fcr Sie zusammengestellt.\u00a0<\/p>\t\t\t\t\t\t\t\t<\/div>\n\t\t\t\t<\/div>\n\t\t\t\t\t<\/div>\n\t\t<\/div>\n\t\t\t\t\t<\/div>\n\t\t<\/section>\n\t\t\t\t<section class=\"elementor-section elementor-top-section elementor-element elementor-element-33813a0 elementor-section-boxed elementor-section-height-default elementor-section-height-default\" data-id=\"33813a0\" data-element_type=\"section\" data-e-type=\"section\">\n\t\t\t\t\t\t<div class=\"elementor-container elementor-column-gap-default\">\n\t\t\t\t\t<div class=\"elementor-column elementor-col-100 elementor-top-column elementor-element elementor-element-8016ff8\" data-id=\"8016ff8\" data-element_type=\"column\" data-e-type=\"column\">\n\t\t\t<div class=\"elementor-widget-wrap elementor-element-populated\">\n\t\t\t\t\t\t<div class=\"elementor-element elementor-element-4d93380 elementor-widget elementor-widget-heading\" data-id=\"4d93380\" data-element_type=\"widget\" data-e-type=\"widget\" data-widget_type=\"heading.default\">\n\t\t\t\t<div class=\"elementor-widget-container\">\n\t\t\t\t\t<h2 class=\"elementor-heading-title elementor-size-default\">Unsere Tipps die 5 sch\u00f6nsten Herbstwanderungen in Franken<\/h2>\t\t\t\t<\/div>\n\t\t\t\t<\/div>\n\t\t\t\t\t<\/div>\n\t\t<\/div>\n\t\t\t\t\t<\/div>\n\t\t<\/section>\n\t\t\t\t<section class=\"elementor-section elementor-top-section elementor-element elementor-element-9572184 elementor-section-boxed elementor-section-height-default elementor-section-height-default\" data-id=\"9572184\" data-element_type=\"section\" data-e-type=\"section\">\n\t\t\t\t\t\t<div class=\"elementor-container elementor-column-gap-default\">\n\t\t\t\t\t<div class=\"elementor-column elementor-col-100 elementor-top-column elementor-element elementor-element-147dd40\" data-id=\"147dd40\" data-element_type=\"column\" data-e-type=\"column\">\n\t\t\t<div class=\"elementor-widget-wrap elementor-element-populated\">\n\t\t\t\t\t\t<div class=\"elementor-element elementor-element-a5b01c1 elementor-widget elementor-widget-heading\" data-id=\"a5b01c1\" data-element_type=\"widget\" data-e-type=\"widget\" data-widget_type=\"heading.default\">\n\t\t\t\t<div class=\"elementor-widget-container\">\n\t\t\t\t\t<h2 class=\"elementor-heading-title elementor-size-default\">1. Tipp: Ab nach Eichst\u00e4tt<\/h2>\t\t\t\t<\/div>\n\t\t\t\t<\/div>\n\t\t\t\t\t<\/div>\n\t\t<\/div>\n\t\t\t\t\t<\/div>\n\t\t<\/section>\n\t\t\t\t<section class=\"elementor-section elementor-top-section elementor-element elementor-element-86d1508 elementor-section-boxed elementor-section-height-default elementor-section-height-default\" data-id=\"86d1508\" data-element_type=\"section\" data-e-type=\"section\">\n\t\t\t\t\t\t<div class=\"elementor-container elementor-column-gap-default\">\n\t\t\t\t\t<div class=\"elementor-column elementor-col-100 elementor-top-column elementor-element elementor-element-ac84991\" data-id=\"ac84991\" data-element_type=\"column\" data-e-type=\"column\">\n\t\t\t<div class=\"elementor-widget-wrap elementor-element-populated\">\n\t\t\t\t\t\t<div class=\"elementor-element elementor-element-66c54fe elementor-widget elementor-widget-text-editor\" data-id=\"66c54fe\" data-element_type=\"widget\" data-e-type=\"widget\" data-widget_type=\"text-editor.default\">\n\t\t\t\t<div class=\"elementor-widget-container\">\n\t\t\t\t\t\t\t\t\t<p>Unser ersten Tipp ist die H\u00f6henwanderung in Eichst\u00e4tt. Die Wanderung umfasst rund <strong>12 Kilometer<\/strong> und dauert circa 3,5 Stunden. Man wandert an der einen Seite von Eichst\u00e4tt hoch zur <strong>Willibaldsburg<\/strong> und anschlie\u00dfend den Spiegelpfad entlang. Oben angekommen, haben Sie einen tollen Ausblick \u00fcber Eichst\u00e4tt. Anschlie\u00dfend geht es wieder den Berg runter, direkt durch die Stadt &#8211;\u00a0 perfekt f\u00fcr eine Pause.<\/p>\t\t\t\t\t\t\t\t<\/div>\n\t\t\t\t<\/div>\n\t\t\t\t\t<\/div>\n\t\t<\/div>\n\t\t\t\t\t<\/div>\n\t\t<\/section>\n\t\t\t\t<section class=\"elementor-section elementor-top-section elementor-element elementor-element-bc0b560 elementor-section-boxed elementor-section-height-default elementor-section-height-default\" data-id=\"bc0b560\" data-element_type=\"section\" data-e-type=\"section\">\n\t\t\t\t\t\t<div class=\"elementor-container elementor-column-gap-default\">\n\t\t\t\t\t<div class=\"elementor-column elementor-col-100 elementor-top-column elementor-element elementor-element-9048e5b\" data-id=\"9048e5b\" data-element_type=\"column\" data-e-type=\"column\">\n\t\t\t<div class=\"elementor-widget-wrap elementor-element-populated\">\n\t\t\t\t\t\t<div class=\"elementor-element elementor-element-cf2b3f1 elementor-widget elementor-widget-text-editor\" data-id=\"cf2b3f1\" data-element_type=\"widget\" data-e-type=\"widget\" data-widget_type=\"text-editor.default\">\n\t\t\t\t<div class=\"elementor-widget-container\">\n\t\t\t\t\t\t\t\t\t<p>Danach geht es hoffentlich gut gest\u00e4rkt weiter. Auf der anderen Seite von Eichst\u00e4tt l\u00e4uft man nun wieder auf den Berg hoch. Die Anstrengung lohnt sich aber. Denn hier haben Sie einen tollen Ausblick auf die Willibaldsburg. Anschlie\u00dfend wandern Sie noch einige Kilometer mit wundersch\u00f6nem Ausblick zur\u00fcck zum Parkplatz.<\/p>\t\t\t\t\t\t\t\t<\/div>\n\t\t\t\t<\/div>\n\t\t\t\t\t<\/div>\n\t\t<\/div>\n\t\t\t\t\t<\/div>\n\t\t<\/section>\n\t\t\t\t<section class=\"elementor-section elementor-top-section elementor-element elementor-element-56d83ce elementor-section-boxed elementor-section-height-default elementor-section-height-default\" data-id=\"56d83ce\" data-element_type=\"section\" data-e-type=\"section\">\n\t\t\t\t\t\t<div class=\"elementor-container elementor-column-gap-default\">\n\t\t\t\t\t<div class=\"elementor-column elementor-col-100 elementor-top-column elementor-element elementor-element-9ac04ba\" data-id=\"9ac04ba\" data-element_type=\"column\" data-e-type=\"column\">\n\t\t\t<div class=\"elementor-widget-wrap elementor-element-populated\">\n\t\t\t\t\t\t<div class=\"elementor-element elementor-element-16ccf2b elementor-widget elementor-widget-heading\" data-id=\"16ccf2b\" data-element_type=\"widget\" data-e-type=\"widget\" data-widget_type=\"heading.default\">\n\t\t\t\t<div class=\"elementor-widget-container\">\n\t\t\t\t\t<h2 class=\"elementor-heading-title elementor-size-default\">2. Tipp: Highlight-Wanderung in der fr\u00e4nkischen Schweiz<\/h2>\t\t\t\t<\/div>\n\t\t\t\t<\/div>\n\t\t\t\t\t<\/div>\n\t\t<\/div>\n\t\t\t\t\t<\/div>\n\t\t<\/section>\n\t\t\t\t<section class=\"elementor-section elementor-top-section elementor-element elementor-element-8e5b923 elementor-section-boxed elementor-section-height-default elementor-section-height-default\" data-id=\"8e5b923\" data-element_type=\"section\" data-e-type=\"section\">\n\t\t\t\t\t\t<div class=\"elementor-container elementor-column-gap-default\">\n\t\t\t\t\t<div class=\"elementor-column elementor-col-100 elementor-top-column elementor-element elementor-element-bfae836\" data-id=\"bfae836\" data-element_type=\"column\" data-e-type=\"column\">\n\t\t\t<div class=\"elementor-widget-wrap elementor-element-populated\">\n\t\t\t\t\t\t<div class=\"elementor-element elementor-element-9ab4847 elementor-widget elementor-widget-text-editor\" data-id=\"9ab4847\" data-element_type=\"widget\" data-e-type=\"widget\" data-widget_type=\"text-editor.default\">\n\t\t\t\t<div class=\"elementor-widget-container\">\n\t\t\t\t\t\t\t\t\t<p>Eine absolute Lieblingstour in der Fr\u00e4nkischen ist die <strong>Rundwanderung<\/strong> von Muggendorf \u00fcber das Quackenschloss, den Adlerstein, die Versturzh\u00f6hle Riesenburg und ein St\u00fcck durch das Aufse\u00dftal \u00fcber Albertshof zur\u00fcck nach Muggendorf. Auf rund <strong>15 Kilometern<\/strong> geht die Tour entlang herrlicher Aussichtspunkte und durch eine spektakul\u00e4re Versturz-H\u00f6hle. Mindestens vier Stunden reine Wanderzeit sollten Sie einplanen &#8211; und nat\u00fcrlich Zeit, um die fantastischen Ausblicke und die herrliche Natur zu genie\u00dfen sowie f\u00fcr eine Einkehr oder Brotzeit.<\/p>\t\t\t\t\t\t\t\t<\/div>\n\t\t\t\t<\/div>\n\t\t\t\t\t<\/div>\n\t\t<\/div>\n\t\t\t\t\t<\/div>\n\t\t<\/section>\n\t\t\t\t<section class=\"elementor-section elementor-top-section elementor-element elementor-element-138e622 elementor-section-boxed elementor-section-height-default elementor-section-height-default\" data-id=\"138e622\" data-element_type=\"section\" data-e-type=\"section\">\n\t\t\t\t\t\t<div class=\"elementor-container elementor-column-gap-default\">\n\t\t\t\t\t<div class=\"elementor-column elementor-col-100 elementor-top-column elementor-element elementor-element-337075f\" data-id=\"337075f\" data-element_type=\"column\" data-e-type=\"column\">\n\t\t\t<div class=\"elementor-widget-wrap elementor-element-populated\">\n\t\t\t\t\t\t<div class=\"elementor-element elementor-element-07d83c7 elementor-widget elementor-widget-heading\" data-id=\"07d83c7\" data-element_type=\"widget\" data-e-type=\"widget\" data-widget_type=\"heading.default\">\n\t\t\t\t<div class=\"elementor-widget-container\">\n\t\t\t\t\t<h2 class=\"elementor-heading-title elementor-size-default\">3. Tipp: Eine Wanderung der anderen Art<\/h2>\t\t\t\t<\/div>\n\t\t\t\t<\/div>\n\t\t\t\t\t<\/div>\n\t\t<\/div>\n\t\t\t\t\t<\/div>\n\t\t<\/section>\n\t\t\t\t<section class=\"elementor-section elementor-top-section elementor-element elementor-element-05139e2 elementor-section-boxed elementor-section-height-default elementor-section-height-default\" data-id=\"05139e2\" data-element_type=\"section\" data-e-type=\"section\">\n\t\t\t\t\t\t<div class=\"elementor-container elementor-column-gap-default\">\n\t\t\t\t\t<div class=\"elementor-column elementor-col-100 elementor-top-column elementor-element elementor-element-7f57f5e\" data-id=\"7f57f5e\" data-element_type=\"column\" data-e-type=\"column\">\n\t\t\t<div class=\"elementor-widget-wrap elementor-element-populated\">\n\t\t\t\t\t\t<div class=\"elementor-element elementor-element-65fcaaa elementor-widget elementor-widget-text-editor\" data-id=\"65fcaaa\" data-element_type=\"widget\" data-e-type=\"widget\" data-widget_type=\"text-editor.default\">\n\t\t\t\t<div class=\"elementor-widget-container\">\n\t\t\t\t\t\t\t\t\t<p>Warum nicht mal statt einer normalen Wanderung eine <strong>kulinarische Stadtf\u00fchrung<\/strong> unternehmen? So eine Tour verbindet Kultur und Kulinarik und macht auch in der eigenen Stadt Spa\u00df. In N\u00fcrnberg gibt es diese F\u00fchrungen auch f\u00fcr einzelne Stadtteile, zum Beispiel Johannis oder Gostenhof.<\/p><p>Bummeln Sie gem\u00fctlich durch die Gassen, entdecken Sie viele interessante Ecken und werden Sie vom Stadtf\u00fchrer auf kleine und gro\u00dfe &#8222;Hingucker&#8220; aufmerksam gemacht. Zwischendurch st\u00e4rken Sie sich immer wieder mit kleinen Leckerbissen in netten Lokalen und Caf\u00e9s. Meist werden die Spezialit\u00e4ten von den Besitzern selbst serviert und mit pers\u00f6nlichen Geschichten garniert. Buchen kann man die kulinarischen F\u00fchrungen f\u00fcr fast jede Stadt. Besonders viel Spa\u00df macht so eine Wanderung durch die Stadt nat\u00fcrlich zusammen mit Freunden oder der Familie.<\/p>\t\t\t\t\t\t\t\t<\/div>\n\t\t\t\t<\/div>\n\t\t\t\t\t<\/div>\n\t\t<\/div>\n\t\t\t\t\t<\/div>\n\t\t<\/section>\n\t\t\t\t<section class=\"elementor-section elementor-top-section elementor-element elementor-element-5a5ccbf elementor-section-boxed elementor-section-height-default elementor-section-height-default\" data-id=\"5a5ccbf\" data-element_type=\"section\" data-e-type=\"section\">\n\t\t\t\t\t\t<div class=\"elementor-container elementor-column-gap-default\">\n\t\t\t\t\t<div class=\"elementor-column elementor-col-100 elementor-top-column elementor-element elementor-element-e415cb7\" data-id=\"e415cb7\" data-element_type=\"column\" data-e-type=\"column\">\n\t\t\t<div class=\"elementor-widget-wrap elementor-element-populated\">\n\t\t\t\t\t\t<div class=\"elementor-element elementor-element-89fddda elementor-widget elementor-widget-heading\" data-id=\"89fddda\" data-element_type=\"widget\" data-e-type=\"widget\" data-widget_type=\"heading.default\">\n\t\t\t\t<div class=\"elementor-widget-container\">\n\t\t\t\t\t<h2 class=\"elementor-heading-title elementor-size-default\">4. Tipp: Wandern f\u00fcr die ganze Familie<\/h2>\t\t\t\t<\/div>\n\t\t\t\t<\/div>\n\t\t\t\t\t<\/div>\n\t\t<\/div>\n\t\t\t\t\t<\/div>\n\t\t<\/section>\n\t\t\t\t<section class=\"elementor-section elementor-top-section elementor-element elementor-element-0c87c41 elementor-section-boxed elementor-section-height-default elementor-section-height-default\" data-id=\"0c87c41\" data-element_type=\"section\" data-e-type=\"section\">\n\t\t\t\t\t\t<div class=\"elementor-container elementor-column-gap-default\">\n\t\t\t\t\t<div class=\"elementor-column elementor-col-100 elementor-top-column elementor-element elementor-element-e6f4eae\" data-id=\"e6f4eae\" data-element_type=\"column\" data-e-type=\"column\">\n\t\t\t<div class=\"elementor-widget-wrap elementor-element-populated\">\n\t\t\t\t\t\t<div class=\"elementor-element elementor-element-d6d1e99 elementor-widget elementor-widget-text-editor\" data-id=\"d6d1e99\" data-element_type=\"widget\" data-e-type=\"widget\" data-widget_type=\"text-editor.default\">\n\t\t\t\t<div class=\"elementor-widget-container\">\n\t\t\t\t\t\t\t\t\t<p>In der N\u00e4he vom Brombachsee bei Spalt befindet sich die <strong>Massendorfer Schlucht<\/strong>, durch die verschiedenste Wanderrouten f\u00fchren. Egal, f\u00fcr welchen Schwierigkeits- und Fitnessgrad, hier findet sich sicherlich eine passende Tour f\u00fcr Sie. Auch Kinder haben hier auf jeden Fall ihren Spa\u00df und k\u00f6nnen sich mal wieder so richtig austoben.<\/p><p>Durch die Schlucht hindurch ragen die Felsen gute 15 Meter in die H\u00f6he &#8211; richtig abenteuerlich! F\u00fcr zwischendurch findet sich beinahe in jedem Dorf eine urige Wirtschaft &#8211; mit Ausnahme von Massendorf selbst.<\/p>\t\t\t\t\t\t\t\t<\/div>\n\t\t\t\t<\/div>\n\t\t\t\t\t<\/div>\n\t\t<\/div>\n\t\t\t\t\t<\/div>\n\t\t<\/section>\n\t\t\t\t<section class=\"elementor-section elementor-top-section elementor-element elementor-element-f2f569a elementor-section-boxed elementor-section-height-default elementor-section-height-default\" data-id=\"f2f569a\" data-element_type=\"section\" data-e-type=\"section\">\n\t\t\t\t\t\t<div class=\"elementor-container elementor-column-gap-default\">\n\t\t\t\t\t<div class=\"elementor-column elementor-col-100 elementor-top-column elementor-element elementor-element-54ee00a\" data-id=\"54ee00a\" data-element_type=\"column\" data-e-type=\"column\">\n\t\t\t<div class=\"elementor-widget-wrap elementor-element-populated\">\n\t\t\t\t\t\t<div class=\"elementor-element elementor-element-8503364 elementor-widget elementor-widget-heading\" data-id=\"8503364\" data-element_type=\"widget\" data-e-type=\"widget\" data-widget_type=\"heading.default\">\n\t\t\t\t<div class=\"elementor-widget-container\">\n\t\t\t\t\t<h2 class=\"elementor-heading-title elementor-size-default\">5. Tipp: Der Klassiker in Franken<\/h2>\t\t\t\t<\/div>\n\t\t\t\t<\/div>\n\t\t\t\t\t<\/div>\n\t\t<\/div>\n\t\t\t\t\t<\/div>\n\t\t<\/section>\n\t\t\t\t<section class=\"elementor-section elementor-top-section elementor-element elementor-element-ea704fc elementor-section-boxed elementor-section-height-default elementor-section-height-default\" data-id=\"ea704fc\" data-element_type=\"section\" data-e-type=\"section\">\n\t\t\t\t\t\t<div class=\"elementor-container elementor-column-gap-default\">\n\t\t\t\t\t<div class=\"elementor-column elementor-col-100 elementor-top-column elementor-element elementor-element-fee8aa5\" data-id=\"fee8aa5\" data-element_type=\"column\" data-e-type=\"column\">\n\t\t\t<div class=\"elementor-widget-wrap elementor-element-populated\">\n\t\t\t\t\t\t<div class=\"elementor-element elementor-element-2df1f15 elementor-widget elementor-widget-text-editor\" data-id=\"2df1f15\" data-element_type=\"widget\" data-e-type=\"widget\" data-widget_type=\"text-editor.default\">\n\t\t\t\t<div class=\"elementor-widget-container\">\n\t\t\t\t\t\t\t\t\t<p>Ganz in der N\u00e4he findet sich ein Schmuckst\u00fcck der fr\u00e4nkischen Schweiz &#8211; und das in doppelter Hinsicht. Der <a href=\"https:\/\/www.fuenf-seidla-steig.de\/\" target=\"_blank\" rel=\"noopener\">F\u00fcnf-Seidla-Steig\u00ae<\/a> bietet eine angenehme Rundtour mit sch\u00f6nen Aussichten auf das Umland. Starten Sie am besten in Wei\u00dfenohe oder Gr\u00e4fenberg, hier gibt es gute Zuganbindungen f\u00fcr die An- und Abreise. Unterwegs kommen Sie an <strong>f\u00fcnf Brauereigasth\u00f6fen <\/strong>vorbei. Genie\u00dfen Sie dort fr\u00e4nkische K\u00f6stlichkeiten und die verschiedenen Biere. Als Erinnerung k\u00f6nnen Sie einen der F\u00fcnf-Seidla-Steig\u00ae-Bierkr\u00fcge erwerben. (Mit der Stempelkarte f\u00fcr die Gasth\u00f6fe ist er noch g\u00fcnstiger f\u00fcr Sie.) Sowohl f\u00fcr eine Wanderung als auch f\u00fcr ausgedehnte Bier-Tasting-Tage macht der F\u00fcnf-Seidla-Steig\u00ae eine gute Figur!<\/p>\t\t\t\t\t\t\t\t<\/div>\n\t\t\t\t<\/div>\n\t\t\t\t\t<\/div>\n\t\t<\/div>\n\t\t\t\t\t<\/div>\n\t\t<\/section>\n\t\t\t\t<section class=\"elementor-section elementor-top-section elementor-element elementor-element-8ae1438 elementor-section-boxed elementor-section-height-default elementor-section-height-default\" data-id=\"8ae1438\" data-element_type=\"section\" data-e-type=\"section\">\n\t\t\t\t\t\t<div class=\"elementor-container elementor-column-gap-default\">\n\t\t\t\t\t<div class=\"elementor-column elementor-col-100 elementor-top-column elementor-element elementor-element-bd5eefb\" data-id=\"bd5eefb\" data-element_type=\"column\" data-e-type=\"column\">\n\t\t\t<div class=\"elementor-widget-wrap elementor-element-populated\">\n\t\t\t\t\t\t<div class=\"elementor-element elementor-element-db64b2b elementor-widget elementor-widget-text-editor\" data-id=\"db64b2b\" data-element_type=\"widget\" data-e-type=\"widget\" data-widget_type=\"text-editor.default\">\n\t\t\t\t<div class=\"elementor-widget-container\">\n\t\t\t\t\t\t\t\t\t<small> Info: F\u00fcnf-Seidla-Steig \u00ae ist eine eingetragene Marke der Brauereien Elchbr\u00e4u, Brauerei Hofmann, Lindenbr\u00e4u, Brauerei Friedmann und der Klosterbrauerei Wei\u00dfenohe.<\/small>\t\t\t\t\t\t\t\t<\/div>\n\t\t\t\t<\/div>\n\t\t\t\t\t<\/div>\n\t\t<\/div>\n\t\t\t\t\t<\/div>\n\t\t<\/section>\n\t\t\t\t<section class=\"elementor-section elementor-top-section elementor-element elementor-element-8c6a172 elementor-section-boxed elementor-section-height-default elementor-section-height-default\" data-id=\"8c6a172\" data-element_type=\"section\" data-e-type=\"section\">\n\t\t\t\t\t\t<div class=\"elementor-container elementor-column-gap-default\">\n\t\t\t\t\t<div class=\"elementor-column elementor-col-100 elementor-top-column elementor-element elementor-element-6925039\" data-id=\"6925039\" data-element_type=\"column\" data-e-type=\"column\">\n\t\t\t<div class=\"elementor-widget-wrap elementor-element-populated\">\n\t\t\t\t\t\t<div class=\"elementor-element elementor-element-bbde14b elementor-widget elementor-widget-text-editor\" data-id=\"bbde14b\" data-element_type=\"widget\" data-e-type=\"widget\" data-widget_type=\"text-editor.default\">\n\t\t\t\t<div class=\"elementor-widget-container\">\n\t\t\t\t\t\t\t\t\t<p>War etwas f\u00fcr Sie dabei? Berichten Sie uns gerne von Ihrer sch\u00f6nsten Herbstwanderung in Franken. Noch ein Tipp von uns: Nachdem Sie beim Wandern aktiv waren, macht Entspannung, z.B. in einer Therme, noch mehr Spa\u00df. Unsere Tipps zum Wellnessen in der Region finden Sie <a href=\"https:\/\/www.vr-teilhaberbank.blog\/vrblog\/wellnessen-in-franken\/\" target=\"_blank\" rel=\"noopener\">hier<\/a>.<\/p>\t\t\t\t\t\t\t\t<\/div>\n\t\t\t\t<\/div>\n\t\t\t\t\t<\/div>\n\t\t<\/div>\n\t\t\t\t\t<\/div>\n\t\t<\/section>\n\t\t\t\t<section class=\"elementor-section elementor-top-section elementor-element elementor-element-73434c1 elementor-section-boxed elementor-section-height-default elementor-section-height-default\" data-id=\"73434c1\" data-element_type=\"section\" data-e-type=\"section\" data-settings=\"{&quot;background_background&quot;:&quot;gradient&quot;}\">\n\t\t\t\t\t\t\t<div class=\"elementor-background-overlay\"><\/div>\n\t\t\t\t\t\t\t<div class=\"elementor-container elementor-column-gap-default\">\n\t\t\t\t\t<div class=\"elementor-column elementor-col-50 elementor-top-column elementor-element elementor-element-5582413\" data-id=\"5582413\" data-element_type=\"column\" data-e-type=\"column\">\n\t\t\t<div class=\"elementor-widget-wrap elementor-element-populated\">\n\t\t\t\t\t\t<div class=\"elementor-element elementor-element-86dc194 elementor-widget elementor-widget-heading\" data-id=\"86dc194\" data-element_type=\"widget\" data-e-type=\"widget\" data-widget_type=\"heading.default\">\n\t\t\t\t<div class=\"elementor-widget-container\">\n\t\t\t\t\t<div class=\"elementor-heading-title elementor-size-default\">Nach Ihrer Wanderung laden wir Sie gerne zu einem Kaffee bei uns ein! Vereinbaren Sie gerne online einen Beratungstermin oder ein Telefongespr\u00e4ch.<\/div>\t\t\t\t<\/div>\n\t\t\t\t<\/div>\n\t\t\t\t\t<\/div>\n\t\t<\/div>\n\t\t\t\t<div class=\"elementor-column elementor-col-50 elementor-top-column elementor-element elementor-element-dd09b81\" data-id=\"dd09b81\" data-element_type=\"column\" data-e-type=\"column\">\n\t\t\t<div class=\"elementor-widget-wrap elementor-element-populated\">\n\t\t\t\t\t\t<div class=\"elementor-element elementor-element-c2fe553 elementor-align-center elementor-widget elementor-widget-button\" data-id=\"c2fe553\" data-element_type=\"widget\" data-e-type=\"widget\" data-settings=\"{&quot;_animation&quot;:&quot;none&quot;}\" data-widget_type=\"button.default\">\n\t\t\t\t<div class=\"elementor-widget-container\">\n\t\t\t\t\t\t\t\t\t<div class=\"elementor-button-wrapper\">\n\t\t\t\t\t<a class=\"elementor-button elementor-button-link elementor-size-md elementor-animation-grow-rotate\" href=\"https:\/\/www.vr-teilhaberbank.de\/service\/online-services\/online-terminvereinbarung.html\">\n\t\t\t\t\t\t<span class=\"elementor-button-content-wrapper\">\n\t\t\t\t\t\t<span class=\"elementor-button-icon\">\n\t\t\t\t<i aria-hidden=\"true\" class=\"fas fa-user-tie\"><\/i>\t\t\t<\/span>\n\t\t\t\t\t\t\t\t\t<span class=\"elementor-button-text\">Jetzt Termin vereinbaren<\/span>\n\t\t\t\t\t<\/span>\n\t\t\t\t\t<\/a>\n\t\t\t\t<\/div>\n\t\t\t\t\t\t\t\t<\/div>\n\t\t\t\t<\/div>\n\t\t\t\t\t<\/div>\n\t\t<\/div>\n\t\t\t\t\t<\/div>\n\t\t<\/section>\n\t\t\t\t<\/div>\n\t\t","protected":false},"excerpt":{"rendered":"<p>Wandern kann man nat\u00fcrlich am besten in den Bergen. Und am besten bei sch\u00f6nem Wetter. Ganz klar. Wie sch\u00f6n es zum Wandern bei uns in der Region ist, vergessen allerdings viele. Wenn sich das Laub dann auch noch in bunten Farben leuchtet, kann man die Aussicht ganz besonders genie\u00dfen. Wir haben ein paar der sch\u00f6nsten&hellip;&nbsp;<a href=\"https:\/\/www.vr-teilhaberbank.blog\/vrblog\/herbstwanderungen-in-franken\/\" rel=\"bookmark\">Weiterlesen &raquo;<span class=\"screen-reader-text\">Die 5 sch\u00f6nsten Herbstwanderungen in Franken<\/span><\/a><\/p>\n","protected":false},"author":15,"featured_media":7683,"comment_status":"open","ping_status":"closed","sticky":false,"template":"","format":"standard","meta":{"neve_meta_sidebar":"","neve_meta_container":"","neve_meta_enable_content_width":"off","neve_meta_content_width":70,"neve_meta_title_alignment":"","neve_meta_author_avatar":"","neve_post_elements_order":"","neve_meta_disable_header":"","neve_meta_disable_footer":"","neve_meta_disable_title":"","footnotes":""},"categories":[577,461],"tags":[213,195,197,352,504,157,205,503],"class_list":["post-7666","post","type-post","status-publish","format-standard","has-post-thumbnail","hentry","category-freizeit-reisen","category-trends-lifestyle","tag-familie","tag-franken","tag-freizeit","tag-herbst","tag-herbstwanderung","tag-region","tag-wandern","tag-wanderung"],"yoast_head":"<!-- This site is optimized with the Yoast SEO plugin v27.5 - https:\/\/yoast.com\/product\/yoast-seo-wordpress\/ -->\n<title>Die 5 sch\u00f6nsten Herbstwanderungen in Franken - VR Teilhaber Blog<\/title>\n<meta name=\"description\" content=\"Wir haben im Redaktionsteam rumgefragt und die sch\u00f6nsten Wege und Routen f\u00fcr Herbstwanderungen in Franken f\u00fcr Sie gesammelt.\u00a0\" \/>\n<meta name=\"robots\" content=\"index, follow, max-snippet:-1, max-image-preview:large, max-video-preview:-1\" \/>\n<link rel=\"canonical\" href=\"https:\/\/www.vr-teilhaberbank.blog\/vrblog\/herbstwanderungen-in-franken\/\" \/>\n<meta property=\"og:locale\" content=\"de_DE\" \/>\n<meta property=\"og:type\" content=\"article\" \/>\n<meta property=\"og:title\" content=\"Die 5 sch\u00f6nsten Herbstwanderungen in Franken - VR Teilhaber Blog\" \/>\n<meta property=\"og:description\" content=\"Wir haben im Redaktionsteam rumgefragt und die sch\u00f6nsten Wege und Routen f\u00fcr Herbstwanderungen in Franken f\u00fcr Sie gesammelt.\u00a0\" \/>\n<meta property=\"og:url\" content=\"https:\/\/www.vr-teilhaberbank.blog\/vrblog\/herbstwanderungen-in-franken\/\" \/>\n<meta property=\"og:site_name\" content=\"VR Teilhaber Blog\" \/>\n<meta property=\"article:publisher\" content=\"https:\/\/www.facebook.com\/vrbankmetropolregion\" \/>\n<meta property=\"article:published_time\" content=\"2024-08-01T06:36:46+00:00\" \/>\n<meta property=\"article:modified_time\" content=\"2025-05-08T12:11:29+00:00\" \/>\n<meta property=\"og:image\" content=\"https:\/\/www.vr-teilhaberbank.blog\/vrblog\/wp-content\/uploads\/2020\/09\/Herbstwanderung.jpg\" \/>\n\t<meta property=\"og:image:width\" content=\"770\" \/>\n\t<meta property=\"og:image:height\" content=\"428\" \/>\n\t<meta property=\"og:image:type\" content=\"image\/jpeg\" \/>\n<meta name=\"author\" content=\"Redaktionsteam\" \/>\n<meta name=\"twitter:card\" content=\"summary_large_image\" \/>\n<meta name=\"twitter:label1\" content=\"Verfasst von\" \/>\n\t<meta name=\"twitter:data1\" content=\"Redaktionsteam\" \/>\n\t<meta name=\"twitter:label2\" content=\"Gesch\u00e4tzte Lesezeit\" \/>\n\t<meta name=\"twitter:data2\" content=\"4\u00a0Minuten\" \/>\n<script type=\"application\/ld+json\" class=\"yoast-schema-graph\">{\"@context\":\"https:\\\/\\\/schema.org\",\"@graph\":[{\"@type\":[\"Article\",\"BlogPosting\"],\"@id\":\"https:\\\/\\\/www.vr-teilhaberbank.blog\\\/vrblog\\\/herbstwanderungen-in-franken\\\/#article\",\"isPartOf\":{\"@id\":\"https:\\\/\\\/www.vr-teilhaberbank.blog\\\/vrblog\\\/herbstwanderungen-in-franken\\\/\"},\"author\":{\"name\":\"Redaktionsteam\",\"@id\":\"https:\\\/\\\/www.vr-teilhaberbank.blog\\\/vrblog\\\/#\\\/schema\\\/person\\\/b15f00e06b463ee1585b103f108ddd4a\"},\"headline\":\"Die 5 sch\u00f6nsten Herbstwanderungen in Franken\",\"datePublished\":\"2024-08-01T06:36:46+00:00\",\"dateModified\":\"2025-05-08T12:11:29+00:00\",\"mainEntityOfPage\":{\"@id\":\"https:\\\/\\\/www.vr-teilhaberbank.blog\\\/vrblog\\\/herbstwanderungen-in-franken\\\/\"},\"wordCount\":751,\"commentCount\":0,\"publisher\":{\"@id\":\"https:\\\/\\\/www.vr-teilhaberbank.blog\\\/vrblog\\\/#organization\"},\"image\":{\"@id\":\"https:\\\/\\\/www.vr-teilhaberbank.blog\\\/vrblog\\\/herbstwanderungen-in-franken\\\/#primaryimage\"},\"thumbnailUrl\":\"https:\\\/\\\/www.vr-teilhaberbank.blog\\\/vrblog\\\/wp-content\\\/uploads\\\/2020\\\/09\\\/Herbstwanderung.jpg\",\"keywords\":[\"familie\",\"franken\",\"freizeit\",\"Herbst\",\"Herbstwanderung\",\"region\",\"wandern\",\"Wanderung\"],\"articleSection\":[\"Freizeit &amp; Reisen\",\"Trends &amp; Lifestyle\"],\"inLanguage\":\"de\",\"potentialAction\":[{\"@type\":\"CommentAction\",\"name\":\"Comment\",\"target\":[\"https:\\\/\\\/www.vr-teilhaberbank.blog\\\/vrblog\\\/herbstwanderungen-in-franken\\\/#respond\"]}]},{\"@type\":\"WebPage\",\"@id\":\"https:\\\/\\\/www.vr-teilhaberbank.blog\\\/vrblog\\\/herbstwanderungen-in-franken\\\/\",\"url\":\"https:\\\/\\\/www.vr-teilhaberbank.blog\\\/vrblog\\\/herbstwanderungen-in-franken\\\/\",\"name\":\"Die 5 sch\u00f6nsten Herbstwanderungen in Franken - VR Teilhaber Blog\",\"isPartOf\":{\"@id\":\"https:\\\/\\\/www.vr-teilhaberbank.blog\\\/vrblog\\\/#website\"},\"primaryImageOfPage\":{\"@id\":\"https:\\\/\\\/www.vr-teilhaberbank.blog\\\/vrblog\\\/herbstwanderungen-in-franken\\\/#primaryimage\"},\"image\":{\"@id\":\"https:\\\/\\\/www.vr-teilhaberbank.blog\\\/vrblog\\\/herbstwanderungen-in-franken\\\/#primaryimage\"},\"thumbnailUrl\":\"https:\\\/\\\/www.vr-teilhaberbank.blog\\\/vrblog\\\/wp-content\\\/uploads\\\/2020\\\/09\\\/Herbstwanderung.jpg\",\"datePublished\":\"2024-08-01T06:36:46+00:00\",\"dateModified\":\"2025-05-08T12:11:29+00:00\",\"description\":\"Wir haben im Redaktionsteam rumgefragt und die sch\u00f6nsten Wege und Routen f\u00fcr Herbstwanderungen in Franken f\u00fcr Sie gesammelt.\u00a0\",\"inLanguage\":\"de\",\"potentialAction\":[{\"@type\":\"ReadAction\",\"target\":[\"https:\\\/\\\/www.vr-teilhaberbank.blog\\\/vrblog\\\/herbstwanderungen-in-franken\\\/\"]}]},{\"@type\":\"ImageObject\",\"inLanguage\":\"de\",\"@id\":\"https:\\\/\\\/www.vr-teilhaberbank.blog\\\/vrblog\\\/herbstwanderungen-in-franken\\\/#primaryimage\",\"url\":\"https:\\\/\\\/www.vr-teilhaberbank.blog\\\/vrblog\\\/wp-content\\\/uploads\\\/2020\\\/09\\\/Herbstwanderung.jpg\",\"contentUrl\":\"https:\\\/\\\/www.vr-teilhaberbank.blog\\\/vrblog\\\/wp-content\\\/uploads\\\/2020\\\/09\\\/Herbstwanderung.jpg\",\"width\":770,\"height\":428,\"caption\":\"Junges Paar mit Rucks\u00e4cken blickt auf eine Flusslandschaft\"},{\"@type\":\"WebSite\",\"@id\":\"https:\\\/\\\/www.vr-teilhaberbank.blog\\\/vrblog\\\/#website\",\"url\":\"https:\\\/\\\/www.vr-teilhaberbank.blog\\\/vrblog\\\/\",\"name\":\"VR Teilhaber Blog\",\"description\":\"Mit \u2764 von der VR TeilhaberBank erstellt\",\"publisher\":{\"@id\":\"https:\\\/\\\/www.vr-teilhaberbank.blog\\\/vrblog\\\/#organization\"},\"potentialAction\":[{\"@type\":\"SearchAction\",\"target\":{\"@type\":\"EntryPoint\",\"urlTemplate\":\"https:\\\/\\\/www.vr-teilhaberbank.blog\\\/vrblog\\\/?s={search_term_string}\"},\"query-input\":{\"@type\":\"PropertyValueSpecification\",\"valueRequired\":true,\"valueName\":\"search_term_string\"}}],\"inLanguage\":\"de\"},{\"@type\":\"Organization\",\"@id\":\"https:\\\/\\\/www.vr-teilhaberbank.blog\\\/vrblog\\\/#organization\",\"name\":\"VR Teilhaber Blog\",\"url\":\"https:\\\/\\\/www.vr-teilhaberbank.blog\\\/vrblog\\\/\",\"logo\":{\"@type\":\"ImageObject\",\"inLanguage\":\"de\",\"@id\":\"https:\\\/\\\/www.vr-teilhaberbank.blog\\\/vrblog\\\/#\\\/schema\\\/logo\\\/image\\\/\",\"url\":\"https:\\\/\\\/www.vr-teilhaberbank.blog\\\/vrblog\\\/wp-content\\\/uploads\\\/2021\\\/09\\\/cropped-Blog-VR-Bank-Logo.png\",\"contentUrl\":\"https:\\\/\\\/www.vr-teilhaberbank.blog\\\/vrblog\\\/wp-content\\\/uploads\\\/2021\\\/09\\\/cropped-Blog-VR-Bank-Logo.png\",\"width\":400,\"height\":100,\"caption\":\"VR Teilhaber Blog\"},\"image\":{\"@id\":\"https:\\\/\\\/www.vr-teilhaberbank.blog\\\/vrblog\\\/#\\\/schema\\\/logo\\\/image\\\/\"},\"sameAs\":[\"https:\\\/\\\/www.facebook.com\\\/vrbankmetropolregion\",\"https:\\\/\\\/www.instagram.com\\\/vr_bank_metropolregion\"]},{\"@type\":\"Person\",\"@id\":\"https:\\\/\\\/www.vr-teilhaberbank.blog\\\/vrblog\\\/#\\\/schema\\\/person\\\/b15f00e06b463ee1585b103f108ddd4a\",\"name\":\"Redaktionsteam\",\"image\":{\"@type\":\"ImageObject\",\"inLanguage\":\"de\",\"@id\":\"https:\\\/\\\/secure.gravatar.com\\\/avatar\\\/9cc17df0fc7cd24f8c69cc53c9f3cd68d43505f6464ca5c33a9350a8beb957d5?s=96&d=mm&r=g\",\"url\":\"https:\\\/\\\/secure.gravatar.com\\\/avatar\\\/9cc17df0fc7cd24f8c69cc53c9f3cd68d43505f6464ca5c33a9350a8beb957d5?s=96&d=mm&r=g\",\"contentUrl\":\"https:\\\/\\\/secure.gravatar.com\\\/avatar\\\/9cc17df0fc7cd24f8c69cc53c9f3cd68d43505f6464ca5c33a9350a8beb957d5?s=96&d=mm&r=g\",\"caption\":\"Redaktionsteam\"},\"description\":\"Manchmal ist die Meinung des gesamten Teams gefragt. Egal ob es um Finanzen, unsere Region oder den n\u00e4chsten Urlaub geht - jeder hat eine andere Meinung und Vorliebe! Deshalb schreiben wir ab und an auch Beitr\u00e4ge zusammen :)\",\"sameAs\":[\"https:\\\/\\\/www.vr-bank-nuernberg.de\\\/teilhaberbank.html\"],\"url\":\"https:\\\/\\\/www.vr-teilhaberbank.blog\\\/vrblog\\\/author\\\/redaktionsteam\\\/\"}]}<\/script>\n<!-- \/ Yoast SEO plugin. -->","yoast_head_json":{"title":"Die 5 sch\u00f6nsten Herbstwanderungen in Franken - VR Teilhaber Blog","description":"Wir haben im Redaktionsteam rumgefragt und die sch\u00f6nsten Wege und Routen f\u00fcr Herbstwanderungen in Franken f\u00fcr Sie gesammelt.\u00a0","robots":{"index":"index","follow":"follow","max-snippet":"max-snippet:-1","max-image-preview":"max-image-preview:large","max-video-preview":"max-video-preview:-1"},"canonical":"https:\/\/www.vr-teilhaberbank.blog\/vrblog\/herbstwanderungen-in-franken\/","og_locale":"de_DE","og_type":"article","og_title":"Die 5 sch\u00f6nsten Herbstwanderungen in Franken - VR Teilhaber Blog","og_description":"Wir haben im Redaktionsteam rumgefragt und die sch\u00f6nsten Wege und Routen f\u00fcr Herbstwanderungen in Franken f\u00fcr Sie gesammelt.\u00a0","og_url":"https:\/\/www.vr-teilhaberbank.blog\/vrblog\/herbstwanderungen-in-franken\/","og_site_name":"VR Teilhaber Blog","article_publisher":"https:\/\/www.facebook.com\/vrbankmetropolregion","article_published_time":"2024-08-01T06:36:46+00:00","article_modified_time":"2025-05-08T12:11:29+00:00","og_image":[{"width":770,"height":428,"url":"https:\/\/www.vr-teilhaberbank.blog\/vrblog\/wp-content\/uploads\/2020\/09\/Herbstwanderung.jpg","type":"image\/jpeg"}],"author":"Redaktionsteam","twitter_card":"summary_large_image","twitter_misc":{"Verfasst von":"Redaktionsteam","Gesch\u00e4tzte Lesezeit":"4\u00a0Minuten"},"schema":{"@context":"https:\/\/schema.org","@graph":[{"@type":["Article","BlogPosting"],"@id":"https:\/\/www.vr-teilhaberbank.blog\/vrblog\/herbstwanderungen-in-franken\/#article","isPartOf":{"@id":"https:\/\/www.vr-teilhaberbank.blog\/vrblog\/herbstwanderungen-in-franken\/"},"author":{"name":"Redaktionsteam","@id":"https:\/\/www.vr-teilhaberbank.blog\/vrblog\/#\/schema\/person\/b15f00e06b463ee1585b103f108ddd4a"},"headline":"Die 5 sch\u00f6nsten Herbstwanderungen in Franken","datePublished":"2024-08-01T06:36:46+00:00","dateModified":"2025-05-08T12:11:29+00:00","mainEntityOfPage":{"@id":"https:\/\/www.vr-teilhaberbank.blog\/vrblog\/herbstwanderungen-in-franken\/"},"wordCount":751,"commentCount":0,"publisher":{"@id":"https:\/\/www.vr-teilhaberbank.blog\/vrblog\/#organization"},"image":{"@id":"https:\/\/www.vr-teilhaberbank.blog\/vrblog\/herbstwanderungen-in-franken\/#primaryimage"},"thumbnailUrl":"https:\/\/www.vr-teilhaberbank.blog\/vrblog\/wp-content\/uploads\/2020\/09\/Herbstwanderung.jpg","keywords":["familie","franken","freizeit","Herbst","Herbstwanderung","region","wandern","Wanderung"],"articleSection":["Freizeit &amp; Reisen","Trends &amp; Lifestyle"],"inLanguage":"de","potentialAction":[{"@type":"CommentAction","name":"Comment","target":["https:\/\/www.vr-teilhaberbank.blog\/vrblog\/herbstwanderungen-in-franken\/#respond"]}]},{"@type":"WebPage","@id":"https:\/\/www.vr-teilhaberbank.blog\/vrblog\/herbstwanderungen-in-franken\/","url":"https:\/\/www.vr-teilhaberbank.blog\/vrblog\/herbstwanderungen-in-franken\/","name":"Die 5 sch\u00f6nsten Herbstwanderungen in Franken - VR Teilhaber Blog","isPartOf":{"@id":"https:\/\/www.vr-teilhaberbank.blog\/vrblog\/#website"},"primaryImageOfPage":{"@id":"https:\/\/www.vr-teilhaberbank.blog\/vrblog\/herbstwanderungen-in-franken\/#primaryimage"},"image":{"@id":"https:\/\/www.vr-teilhaberbank.blog\/vrblog\/herbstwanderungen-in-franken\/#primaryimage"},"thumbnailUrl":"https:\/\/www.vr-teilhaberbank.blog\/vrblog\/wp-content\/uploads\/2020\/09\/Herbstwanderung.jpg","datePublished":"2024-08-01T06:36:46+00:00","dateModified":"2025-05-08T12:11:29+00:00","description":"Wir haben im Redaktionsteam rumgefragt und die sch\u00f6nsten Wege und Routen f\u00fcr Herbstwanderungen in Franken f\u00fcr Sie gesammelt.\u00a0","inLanguage":"de","potentialAction":[{"@type":"ReadAction","target":["https:\/\/www.vr-teilhaberbank.blog\/vrblog\/herbstwanderungen-in-franken\/"]}]},{"@type":"ImageObject","inLanguage":"de","@id":"https:\/\/www.vr-teilhaberbank.blog\/vrblog\/herbstwanderungen-in-franken\/#primaryimage","url":"https:\/\/www.vr-teilhaberbank.blog\/vrblog\/wp-content\/uploads\/2020\/09\/Herbstwanderung.jpg","contentUrl":"https:\/\/www.vr-teilhaberbank.blog\/vrblog\/wp-content\/uploads\/2020\/09\/Herbstwanderung.jpg","width":770,"height":428,"caption":"Junges Paar mit Rucks\u00e4cken blickt auf eine Flusslandschaft"},{"@type":"WebSite","@id":"https:\/\/www.vr-teilhaberbank.blog\/vrblog\/#website","url":"https:\/\/www.vr-teilhaberbank.blog\/vrblog\/","name":"VR Teilhaber Blog","description":"Mit \u2764 von der VR TeilhaberBank erstellt","publisher":{"@id":"https:\/\/www.vr-teilhaberbank.blog\/vrblog\/#organization"},"potentialAction":[{"@type":"SearchAction","target":{"@type":"EntryPoint","urlTemplate":"https:\/\/www.vr-teilhaberbank.blog\/vrblog\/?s={search_term_string}"},"query-input":{"@type":"PropertyValueSpecification","valueRequired":true,"valueName":"search_term_string"}}],"inLanguage":"de"},{"@type":"Organization","@id":"https:\/\/www.vr-teilhaberbank.blog\/vrblog\/#organization","name":"VR Teilhaber Blog","url":"https:\/\/www.vr-teilhaberbank.blog\/vrblog\/","logo":{"@type":"ImageObject","inLanguage":"de","@id":"https:\/\/www.vr-teilhaberbank.blog\/vrblog\/#\/schema\/logo\/image\/","url":"https:\/\/www.vr-teilhaberbank.blog\/vrblog\/wp-content\/uploads\/2021\/09\/cropped-Blog-VR-Bank-Logo.png","contentUrl":"https:\/\/www.vr-teilhaberbank.blog\/vrblog\/wp-content\/uploads\/2021\/09\/cropped-Blog-VR-Bank-Logo.png","width":400,"height":100,"caption":"VR Teilhaber Blog"},"image":{"@id":"https:\/\/www.vr-teilhaberbank.blog\/vrblog\/#\/schema\/logo\/image\/"},"sameAs":["https:\/\/www.facebook.com\/vrbankmetropolregion","https:\/\/www.instagram.com\/vr_bank_metropolregion"]},{"@type":"Person","@id":"https:\/\/www.vr-teilhaberbank.blog\/vrblog\/#\/schema\/person\/b15f00e06b463ee1585b103f108ddd4a","name":"Redaktionsteam","image":{"@type":"ImageObject","inLanguage":"de","@id":"https:\/\/secure.gravatar.com\/avatar\/9cc17df0fc7cd24f8c69cc53c9f3cd68d43505f6464ca5c33a9350a8beb957d5?s=96&d=mm&r=g","url":"https:\/\/secure.gravatar.com\/avatar\/9cc17df0fc7cd24f8c69cc53c9f3cd68d43505f6464ca5c33a9350a8beb957d5?s=96&d=mm&r=g","contentUrl":"https:\/\/secure.gravatar.com\/avatar\/9cc17df0fc7cd24f8c69cc53c9f3cd68d43505f6464ca5c33a9350a8beb957d5?s=96&d=mm&r=g","caption":"Redaktionsteam"},"description":"Manchmal ist die Meinung des gesamten Teams gefragt. Egal ob es um Finanzen, unsere Region oder den n\u00e4chsten Urlaub geht - jeder hat eine andere Meinung und Vorliebe! Deshalb schreiben wir ab und an auch Beitr\u00e4ge zusammen :)","sameAs":["https:\/\/www.vr-bank-nuernberg.de\/teilhaberbank.html"],"url":"https:\/\/www.vr-teilhaberbank.blog\/vrblog\/author\/redaktionsteam\/"}]}},"_links":{"self":[{"href":"https:\/\/www.vr-teilhaberbank.blog\/vrblog\/wp-json\/wp\/v2\/posts\/7666","targetHints":{"allow":["GET"]}}],"collection":[{"href":"https:\/\/www.vr-teilhaberbank.blog\/vrblog\/wp-json\/wp\/v2\/posts"}],"about":[{"href":"https:\/\/www.vr-teilhaberbank.blog\/vrblog\/wp-json\/wp\/v2\/types\/post"}],"author":[{"embeddable":true,"href":"https:\/\/www.vr-teilhaberbank.blog\/vrblog\/wp-json\/wp\/v2\/users\/15"}],"replies":[{"embeddable":true,"href":"https:\/\/www.vr-teilhaberbank.blog\/vrblog\/wp-json\/wp\/v2\/comments?post=7666"}],"version-history":[{"count":49,"href":"https:\/\/www.vr-teilhaberbank.blog\/vrblog\/wp-json\/wp\/v2\/posts\/7666\/revisions"}],"predecessor-version":[{"id":19650,"href":"https:\/\/www.vr-teilhaberbank.blog\/vrblog\/wp-json\/wp\/v2\/posts\/7666\/revisions\/19650"}],"wp:featuredmedia":[{"embeddable":true,"href":"https:\/\/www.vr-teilhaberbank.blog\/vrblog\/wp-json\/wp\/v2\/media\/7683"}],"wp:attachment":[{"href":"https:\/\/www.vr-teilhaberbank.blog\/vrblog\/wp-json\/wp\/v2\/media?parent=7666"}],"wp:term":[{"taxonomy":"category","embeddable":true,"href":"https:\/\/www.vr-teilhaberbank.blog\/vrblog\/wp-json\/wp\/v2\/categories?post=7666"},{"taxonomy":"post_tag","embeddable":true,"href":"https:\/\/www.vr-teilhaberbank.blog\/vrblog\/wp-json\/wp\/v2\/tags?post=7666"}],"curies":[{"name":"wp","href":"https:\/\/api.w.org\/{rel}","templated":true}]}}