{"id":11723,"date":"2024-07-01T13:28:09","date_gmt":"2024-07-01T12:28:09","guid":{"rendered":"https:\/\/www.vrbanknuernberg.de\/vrblog\/?p=11723"},"modified":"2025-05-12T10:49:45","modified_gmt":"2025-05-12T09:49:45","slug":"seen-und-baeder-franken","status":"publish","type":"post","link":"https:\/\/www.vr-teilhaberbank.blog\/vrblog\/seen-und-baeder-franken\/","title":{"rendered":"Das sind die sch\u00f6nsten Seen und B\u00e4der in Franken"},"content":{"rendered":"\t\t<div data-elementor-type=\"wp-post\" data-elementor-id=\"11723\" class=\"elementor elementor-11723\">\n\t\t\t\t\t\t<section class=\"elementor-section elementor-top-section elementor-element elementor-element-7841c6e elementor-section-boxed elementor-section-height-default elementor-section-height-default\" data-id=\"7841c6e\" data-element_type=\"section\" data-e-type=\"section\">\n\t\t\t\t\t\t<div class=\"elementor-container elementor-column-gap-default\">\n\t\t\t\t\t<div class=\"elementor-column elementor-col-100 elementor-top-column elementor-element elementor-element-7d101e5\" data-id=\"7d101e5\" data-element_type=\"column\" data-e-type=\"column\">\n\t\t\t<div class=\"elementor-widget-wrap elementor-element-populated\">\n\t\t\t\t\t\t<div class=\"elementor-element elementor-element-7df4427 elementor-widget elementor-widget-text-editor\" data-id=\"7df4427\" data-element_type=\"widget\" data-e-type=\"widget\" data-widget_type=\"text-editor.default\">\n\t\t\t\t<div class=\"elementor-widget-container\">\n\t\t\t\t\t\t\t\t\t<p>Die Temperaturen steigen weiter und wo l\u00e4sst es sich da wohl besser aushalten als im k\u00fchlen Nass? Falls Sie keinen eigenen Pool im Garten haben oder gerne einfach mal woanders zum Baden hinm\u00f6chten, haben wir die sch\u00f6nsten Seen und B\u00e4der in Franken f\u00fcr Sie ausfindig gemacht.<\/p><p>\u00dcbrigens, falls Sie mit Kindern unterwegs sind, haben wir <a href=\"https:\/\/www.vr-teilhaberbank.blog\/vrblog\/ausfluege-mit-kindern\/\" target=\"_blank\" rel=\"noopener\">hier<\/a> auch einige tolle Ausfl\u00fcge f\u00fcr Sie gesammelt.<\/p>\t\t\t\t\t\t\t\t<\/div>\n\t\t\t\t<\/div>\n\t\t\t\t\t<\/div>\n\t\t<\/div>\n\t\t\t\t\t<\/div>\n\t\t<\/section>\n\t\t\t\t<section class=\"elementor-section elementor-top-section elementor-element elementor-element-b0717a8 elementor-section-boxed elementor-section-height-default elementor-section-height-default\" data-id=\"b0717a8\" data-element_type=\"section\" data-e-type=\"section\">\n\t\t\t\t\t\t<div class=\"elementor-container elementor-column-gap-default\">\n\t\t\t\t\t<div class=\"elementor-column elementor-col-100 elementor-top-column elementor-element elementor-element-0ddf48b\" data-id=\"0ddf48b\" data-element_type=\"column\" data-e-type=\"column\">\n\t\t\t<div class=\"elementor-widget-wrap elementor-element-populated\">\n\t\t\t\t\t\t<div class=\"elementor-element elementor-element-1962708 elementor-widget elementor-widget-heading\" data-id=\"1962708\" data-element_type=\"widget\" data-e-type=\"widget\" data-widget_type=\"heading.default\">\n\t\t\t\t<div class=\"elementor-widget-container\">\n\t\t\t\t\t<h2 class=\"elementor-heading-title elementor-size-default\">Julia, wo k\u00fchlst du dich im Sommer am liebsten ab?<\/h2>\t\t\t\t<\/div>\n\t\t\t\t<\/div>\n\t\t\t\t\t<\/div>\n\t\t<\/div>\n\t\t\t\t\t<\/div>\n\t\t<\/section>\n\t\t\t\t<section class=\"elementor-section elementor-top-section elementor-element elementor-element-19b8091 elementor-section-boxed elementor-section-height-default elementor-section-height-default\" data-id=\"19b8091\" data-element_type=\"section\" data-e-type=\"section\">\n\t\t\t\t\t\t<div class=\"elementor-container elementor-column-gap-default\">\n\t\t\t\t\t<div class=\"elementor-column elementor-col-50 elementor-top-column elementor-element elementor-element-a8bfb63\" data-id=\"a8bfb63\" data-element_type=\"column\" data-e-type=\"column\">\n\t\t\t<div class=\"elementor-widget-wrap elementor-element-populated\">\n\t\t\t\t\t\t<div class=\"elementor-element elementor-element-d842dbf elementor-widget elementor-widget-image\" data-id=\"d842dbf\" data-element_type=\"widget\" data-e-type=\"widget\" data-widget_type=\"image.default\">\n\t\t\t\t<div class=\"elementor-widget-container\">\n\t\t\t\t\t\t\t\t\t\t\t\t\t\t\t<img fetchpriority=\"high\" decoding=\"async\" width=\"300\" height=\"300\" src=\"https:\/\/www.vr-teilhaberbank.blog\/vrblog\/wp-content\/uploads\/2020\/05\/Julia-Neutze-Redakteur-Blog.jpg\" class=\"attachment-large size-large wp-image-6534\" alt=\"Redaktionsteam VR Bank Metropolregion N\u00fcrnberg\" srcset=\"https:\/\/www.vr-teilhaberbank.blog\/vrblog\/wp-content\/uploads\/2020\/05\/Julia-Neutze-Redakteur-Blog.jpg 300w, https:\/\/www.vr-teilhaberbank.blog\/vrblog\/wp-content\/uploads\/2020\/05\/Julia-Neutze-Redakteur-Blog-150x150.jpg 150w\" sizes=\"(max-width: 300px) 100vw, 300px\" \/>\t\t\t\t\t\t\t\t\t\t\t\t\t\t\t<\/div>\n\t\t\t\t<\/div>\n\t\t\t\t\t<\/div>\n\t\t<\/div>\n\t\t\t\t<div class=\"elementor-column elementor-col-50 elementor-top-column elementor-element elementor-element-8668e54\" data-id=\"8668e54\" data-element_type=\"column\" data-e-type=\"column\">\n\t\t\t<div class=\"elementor-widget-wrap elementor-element-populated\">\n\t\t\t\t\t\t<div class=\"elementor-element elementor-element-2e8f4c8 elementor-widget elementor-widget-text-editor\" data-id=\"2e8f4c8\" data-element_type=\"widget\" data-e-type=\"widget\" data-widget_type=\"text-editor.default\">\n\t\t\t\t<div class=\"elementor-widget-container\">\n\t\t\t\t\t\t\t\t\t<p>Zugegeben &#8211; ich war schon sehr lange nicht mehr an einen Badesee, aber da ich aus dem S\u00fcden von N\u00fcrnberg komme, w\u00fcrde ich vermutlich an den <a href=\"https:\/\/www.fraenkisches-seenland.de\/kleiner-brombachsee\/\" target=\"_blank\" rel=\"noopener\">Brombachsee<\/a> fahren. Vor allem, weil ich geh\u00f6rt habe, dass es am Brombachsee neben einem entspannten Tag am See auch einen Hochseilgarten gibt, bei dem man mit der Slack-Line \u00fcber den See &#8222;fliegen&#8220; kann. Warum das also nicht miteinander verbinden?<\/p>\t\t\t\t\t\t\t\t<\/div>\n\t\t\t\t<\/div>\n\t\t\t\t\t<\/div>\n\t\t<\/div>\n\t\t\t\t\t<\/div>\n\t\t<\/section>\n\t\t\t\t<section class=\"elementor-section elementor-top-section elementor-element elementor-element-8196228 elementor-section-boxed elementor-section-height-default elementor-section-height-default\" data-id=\"8196228\" data-element_type=\"section\" data-e-type=\"section\">\n\t\t\t\t\t\t<div class=\"elementor-container elementor-column-gap-default\">\n\t\t\t\t\t<div class=\"elementor-column elementor-col-100 elementor-top-column elementor-element elementor-element-98b3cd7\" data-id=\"98b3cd7\" data-element_type=\"column\" data-e-type=\"column\">\n\t\t\t<div class=\"elementor-widget-wrap elementor-element-populated\">\n\t\t\t\t\t\t<div class=\"elementor-element elementor-element-a3b0bbc elementor-widget elementor-widget-heading\" data-id=\"a3b0bbc\" data-element_type=\"widget\" data-e-type=\"widget\" data-widget_type=\"heading.default\">\n\t\t\t\t<div class=\"elementor-widget-container\">\n\t\t\t\t\t<h2 class=\"elementor-heading-title elementor-size-default\">Heike, welcher z\u00e4hlt zu deinen liebsten Seen?<\/h2>\t\t\t\t<\/div>\n\t\t\t\t<\/div>\n\t\t\t\t\t<\/div>\n\t\t<\/div>\n\t\t\t\t\t<\/div>\n\t\t<\/section>\n\t\t\t\t<section class=\"elementor-section elementor-top-section elementor-element elementor-element-166dc0d elementor-section-boxed elementor-section-height-default elementor-section-height-default\" data-id=\"166dc0d\" data-element_type=\"section\" data-e-type=\"section\">\n\t\t\t\t\t\t<div class=\"elementor-container elementor-column-gap-default\">\n\t\t\t\t\t<div class=\"elementor-column elementor-col-50 elementor-top-column elementor-element elementor-element-aebdb50\" data-id=\"aebdb50\" data-element_type=\"column\" data-e-type=\"column\">\n\t\t\t<div class=\"elementor-widget-wrap elementor-element-populated\">\n\t\t\t\t\t\t<div class=\"elementor-element elementor-element-6c99cef elementor-widget elementor-widget-image\" data-id=\"6c99cef\" data-element_type=\"widget\" data-e-type=\"widget\" data-widget_type=\"image.default\">\n\t\t\t\t<div class=\"elementor-widget-container\">\n\t\t\t\t\t\t\t\t\t\t\t\t\t\t\t<img decoding=\"async\" width=\"300\" height=\"300\" src=\"https:\/\/www.vr-teilhaberbank.blog\/vrblog\/wp-content\/uploads\/2023\/01\/Dirscherl-Heike_Profil-Blog_300x300px.jpg\" class=\"attachment-large size-large wp-image-14423\" alt=\"redaktionsteam heike\" srcset=\"https:\/\/www.vr-teilhaberbank.blog\/vrblog\/wp-content\/uploads\/2023\/01\/Dirscherl-Heike_Profil-Blog_300x300px.jpg 300w, https:\/\/www.vr-teilhaberbank.blog\/vrblog\/wp-content\/uploads\/2023\/01\/Dirscherl-Heike_Profil-Blog_300x300px-150x150.jpg 150w\" sizes=\"(max-width: 300px) 100vw, 300px\" \/>\t\t\t\t\t\t\t\t\t\t\t\t\t\t\t<\/div>\n\t\t\t\t<\/div>\n\t\t\t\t\t<\/div>\n\t\t<\/div>\n\t\t\t\t<div class=\"elementor-column elementor-col-50 elementor-top-column elementor-element elementor-element-4182fb7\" data-id=\"4182fb7\" data-element_type=\"column\" data-e-type=\"column\">\n\t\t\t<div class=\"elementor-widget-wrap elementor-element-populated\">\n\t\t\t\t\t\t<div class=\"elementor-element elementor-element-5bfbf22 elementor-widget elementor-widget-text-editor\" data-id=\"5bfbf22\" data-element_type=\"widget\" data-e-type=\"widget\" data-widget_type=\"text-editor.default\">\n\t\t\t\t<div class=\"elementor-widget-container\">\n\t\t\t\t\t\t\t\t\t<p>Mein Tipp ist der <a href=\"https:\/\/www.oberpfaelzerwald.de\/steinberger-see\" target=\"_blank\" rel=\"noopener\">Steinberger See<\/a>. Der liegt zwar nicht ganz in Franken, aber die Oberpfalz ist ja auch nicht soo weit weg. Daf\u00fcr hat der See einiges zu bieten. Neben Baden gibt es hier n\u00e4mlich auch jede Menge Freizeitm\u00f6glichkeiten.<\/p>\t\t\t\t\t\t\t\t<\/div>\n\t\t\t\t<\/div>\n\t\t\t\t\t<\/div>\n\t\t<\/div>\n\t\t\t\t\t<\/div>\n\t\t<\/section>\n\t\t\t\t<section class=\"elementor-section elementor-top-section elementor-element elementor-element-74e22ac elementor-section-boxed elementor-section-height-default elementor-section-height-default\" data-id=\"74e22ac\" data-element_type=\"section\" data-e-type=\"section\">\n\t\t\t\t\t\t<div class=\"elementor-container elementor-column-gap-default\">\n\t\t\t\t\t<div class=\"elementor-column elementor-col-50 elementor-top-column elementor-element elementor-element-3c9cf9a\" data-id=\"3c9cf9a\" data-element_type=\"column\" data-e-type=\"column\">\n\t\t\t<div class=\"elementor-widget-wrap elementor-element-populated\">\n\t\t\t\t\t\t<div class=\"elementor-element elementor-element-5c34db3 elementor-widget elementor-widget-text-editor\" data-id=\"5c34db3\" data-element_type=\"widget\" data-e-type=\"widget\" data-widget_type=\"text-editor.default\">\n\t\t\t\t<div class=\"elementor-widget-container\">\n\t\t\t\t\t\t\t\t\t<p>Der Klassiker ist nat\u00fcrlich das Tretbootfahren, etwas Anspruchsvollere wagen sich aufs Stand-Up-Paddel und die Abenteuerlustigen k\u00f6nnen sich auf der Wakeboard-Anlage durchs Wasser ziehen lassen. Auch eine riesige Holzkugel steht am Ufer, die als Aussichtsturm und Rutsche gleich zweifach Spa\u00df bringt. Der Minigolfplatz in Bergwerks-Optik erinnert an die Entstehung des Sees und im Freizeitpark gegen\u00fcber k\u00f6nnen sich die Kids so richtig austoben. Auch gastrononisch ist rund um den See f\u00fcr jeden etwas dabei. Und sch\u00f6n ist er auch: mit einer Insel in der Mitte und Segelbooten, die ruhig dahingleiten.<\/p>\t\t\t\t\t\t\t\t<\/div>\n\t\t\t\t<\/div>\n\t\t\t\t\t<\/div>\n\t\t<\/div>\n\t\t\t\t<div class=\"elementor-column elementor-col-50 elementor-top-column elementor-element elementor-element-8351bc7\" data-id=\"8351bc7\" data-element_type=\"column\" data-e-type=\"column\">\n\t\t\t<div class=\"elementor-widget-wrap elementor-element-populated\">\n\t\t\t\t\t\t<div class=\"elementor-element elementor-element-e010dee elementor-widget elementor-widget-image\" data-id=\"e010dee\" data-element_type=\"widget\" data-e-type=\"widget\" data-widget_type=\"image.default\">\n\t\t\t\t<div class=\"elementor-widget-container\">\n\t\t\t\t\t\t\t\t\t\t\t\t\t\t\t<img decoding=\"async\" width=\"1024\" height=\"1024\" src=\"https:\/\/www.vr-teilhaberbank.blog\/vrblog\/wp-content\/uploads\/2021\/08\/Badesee-Heike-1024x1024.jpg\" class=\"attachment-large size-large wp-image-11753\" alt=\"Steinberger See\" srcset=\"https:\/\/www.vr-teilhaberbank.blog\/vrblog\/wp-content\/uploads\/2021\/08\/Badesee-Heike-1024x1024.jpg 1024w, https:\/\/www.vr-teilhaberbank.blog\/vrblog\/wp-content\/uploads\/2021\/08\/Badesee-Heike-300x300.jpg 300w, https:\/\/www.vr-teilhaberbank.blog\/vrblog\/wp-content\/uploads\/2021\/08\/Badesee-Heike-150x150.jpg 150w, https:\/\/www.vr-teilhaberbank.blog\/vrblog\/wp-content\/uploads\/2021\/08\/Badesee-Heike-768x768.jpg 768w, https:\/\/www.vr-teilhaberbank.blog\/vrblog\/wp-content\/uploads\/2021\/08\/Badesee-Heike.jpg 1080w\" sizes=\"(max-width: 1024px) 100vw, 1024px\" \/>\t\t\t\t\t\t\t\t\t\t\t\t\t\t\t<\/div>\n\t\t\t\t<\/div>\n\t\t\t\t\t<\/div>\n\t\t<\/div>\n\t\t\t\t\t<\/div>\n\t\t<\/section>\n\t\t\t\t<section class=\"elementor-section elementor-top-section elementor-element elementor-element-baee31c elementor-section-boxed elementor-section-height-default elementor-section-height-default\" data-id=\"baee31c\" data-element_type=\"section\" data-e-type=\"section\">\n\t\t\t\t\t\t<div class=\"elementor-container elementor-column-gap-default\">\n\t\t\t\t\t<div class=\"elementor-column elementor-col-100 elementor-top-column elementor-element elementor-element-2eaa043\" data-id=\"2eaa043\" data-element_type=\"column\" data-e-type=\"column\">\n\t\t\t<div class=\"elementor-widget-wrap elementor-element-populated\">\n\t\t\t\t\t\t<div class=\"elementor-element elementor-element-229e336 elementor-widget elementor-widget-heading\" data-id=\"229e336\" data-element_type=\"widget\" data-e-type=\"widget\" data-widget_type=\"heading.default\">\n\t\t\t\t<div class=\"elementor-widget-container\">\n\t\t\t\t\t<h2 class=\"elementor-heading-title elementor-size-default\">Christine, welchen Tipp hast du f\u00fcr uns?<\/h2>\t\t\t\t<\/div>\n\t\t\t\t<\/div>\n\t\t\t\t\t<\/div>\n\t\t<\/div>\n\t\t\t\t\t<\/div>\n\t\t<\/section>\n\t\t\t\t<section class=\"elementor-section elementor-top-section elementor-element elementor-element-e2d7cf3 elementor-section-boxed elementor-section-height-default elementor-section-height-default\" data-id=\"e2d7cf3\" data-element_type=\"section\" data-e-type=\"section\">\n\t\t\t\t\t\t<div class=\"elementor-container elementor-column-gap-default\">\n\t\t\t\t\t<div class=\"elementor-column elementor-col-50 elementor-top-column elementor-element elementor-element-9039f70\" data-id=\"9039f70\" data-element_type=\"column\" data-e-type=\"column\">\n\t\t\t<div class=\"elementor-widget-wrap elementor-element-populated\">\n\t\t\t\t\t\t<div class=\"elementor-element elementor-element-6ca48c3 elementor-widget elementor-widget-image\" data-id=\"6ca48c3\" data-element_type=\"widget\" data-e-type=\"widget\" data-widget_type=\"image.default\">\n\t\t\t\t<div class=\"elementor-widget-container\">\n\t\t\t\t\t\t\t\t\t\t\t\t\t\t\t<img loading=\"lazy\" decoding=\"async\" width=\"300\" height=\"300\" src=\"https:\/\/www.vr-teilhaberbank.blog\/vrblog\/wp-content\/uploads\/2019\/12\/christine-eggert.png\" class=\"attachment-large size-large wp-image-5275\" alt=\"Christine Eggert\" srcset=\"https:\/\/www.vr-teilhaberbank.blog\/vrblog\/wp-content\/uploads\/2019\/12\/christine-eggert.png 300w, https:\/\/www.vr-teilhaberbank.blog\/vrblog\/wp-content\/uploads\/2019\/12\/christine-eggert-150x150.png 150w\" sizes=\"(max-width: 300px) 100vw, 300px\" \/>\t\t\t\t\t\t\t\t\t\t\t\t\t\t\t<\/div>\n\t\t\t\t<\/div>\n\t\t\t\t\t<\/div>\n\t\t<\/div>\n\t\t\t\t<div class=\"elementor-column elementor-col-50 elementor-top-column elementor-element elementor-element-5590b55\" data-id=\"5590b55\" data-element_type=\"column\" data-e-type=\"column\">\n\t\t\t<div class=\"elementor-widget-wrap elementor-element-populated\">\n\t\t\t\t\t\t<div class=\"elementor-element elementor-element-161b365 elementor-widget elementor-widget-text-editor\" data-id=\"161b365\" data-element_type=\"widget\" data-e-type=\"widget\" data-widget_type=\"text-editor.default\">\n\t\t\t\t<div class=\"elementor-widget-container\">\n\t\t\t\t\t\t\t\t\t<p>Kein echter Badesee, aber eben auch kein Freibad.<\/p><p>Das <a href=\"https:\/\/felsenbad-pottenstein.info\/\" target=\"_blank\" rel=\"noopener\">Felsenbad in Pottenstein<\/a> ist die perfekte Mischung: ein Freibad als Naturteich, ohne Einsatz von Chemikalien. Ins Wasser kommt man<br \/>entweder \u00fcber eine kleine Kiesbucht oder von den Badestegen, auf denen man sich auch prima zum Sonnenbaden ausbreiten kann.<\/p>\t\t\t\t\t\t\t\t<\/div>\n\t\t\t\t<\/div>\n\t\t\t\t\t<\/div>\n\t\t<\/div>\n\t\t\t\t\t<\/div>\n\t\t<\/section>\n\t\t\t\t<section class=\"elementor-section elementor-top-section elementor-element elementor-element-9813375 elementor-section-boxed elementor-section-height-default elementor-section-height-default\" data-id=\"9813375\" data-element_type=\"section\" data-e-type=\"section\">\n\t\t\t\t\t\t<div class=\"elementor-container elementor-column-gap-default\">\n\t\t\t\t\t<div class=\"elementor-column elementor-col-100 elementor-top-column elementor-element elementor-element-f2a5684\" data-id=\"f2a5684\" data-element_type=\"column\" data-e-type=\"column\">\n\t\t\t<div class=\"elementor-widget-wrap elementor-element-populated\">\n\t\t\t\t\t\t<div class=\"elementor-element elementor-element-e2e5751 elementor-widget elementor-widget-text-editor\" data-id=\"e2e5751\" data-element_type=\"widget\" data-e-type=\"widget\" data-widget_type=\"text-editor.default\">\n\t\t\t\t<div class=\"elementor-widget-container\">\n\t\t\t\t\t\t\t\t\t<p>Ein Besuch im Felsenbad rundet f\u00fcr uns einen Tag in der Fr\u00e4nkischen ab: nach ausgiebigem Rodeln auf der Sommerrodelbahn oder einem zugegeben auch schon k\u00fchlen Besuch der Teufelsh\u00f6hle kann man hier noch mal ausgiebig plantschen. Und das zu richtig familientauglichen Preisen. Dann gibt\u00b4s im Biergarten des Felsenbades bestimmt noch ein Eis oder ein leckeres St\u00fcck Kuchen.<\/p><p>Viel Spa\u00df im \u00e4ltesten Freibad Bayerns!<\/p>\t\t\t\t\t\t\t\t<\/div>\n\t\t\t\t<\/div>\n\t\t\t\t\t<\/div>\n\t\t<\/div>\n\t\t\t\t\t<\/div>\n\t\t<\/section>\n\t\t\t\t<section class=\"elementor-section elementor-top-section elementor-element elementor-element-ec8941b elementor-section-boxed elementor-section-height-default elementor-section-height-default\" data-id=\"ec8941b\" data-element_type=\"section\" data-e-type=\"section\">\n\t\t\t\t\t\t<div class=\"elementor-container elementor-column-gap-default\">\n\t\t\t\t\t<div class=\"elementor-column elementor-col-100 elementor-top-column elementor-element elementor-element-e3fae0a\" data-id=\"e3fae0a\" data-element_type=\"column\" data-e-type=\"column\">\n\t\t\t<div class=\"elementor-widget-wrap elementor-element-populated\">\n\t\t\t\t\t\t<div class=\"elementor-element elementor-element-897ad70 elementor-widget elementor-widget-heading\" data-id=\"897ad70\" data-element_type=\"widget\" data-e-type=\"widget\" data-widget_type=\"heading.default\">\n\t\t\t\t<div class=\"elementor-widget-container\">\n\t\t\t\t\t<h2 class=\"elementor-heading-title elementor-size-default\">Janina, welcher geh\u00f6rt zu deinen liebsten Seen in Franken?<\/h2>\t\t\t\t<\/div>\n\t\t\t\t<\/div>\n\t\t\t\t\t<\/div>\n\t\t<\/div>\n\t\t\t\t\t<\/div>\n\t\t<\/section>\n\t\t\t\t<section class=\"elementor-section elementor-top-section elementor-element elementor-element-eee48c1 elementor-section-boxed elementor-section-height-default elementor-section-height-default\" data-id=\"eee48c1\" data-element_type=\"section\" data-e-type=\"section\">\n\t\t\t\t\t\t<div class=\"elementor-container elementor-column-gap-default\">\n\t\t\t\t\t<div class=\"elementor-column elementor-col-50 elementor-top-column elementor-element elementor-element-1452c5b\" data-id=\"1452c5b\" data-element_type=\"column\" data-e-type=\"column\">\n\t\t\t<div class=\"elementor-widget-wrap elementor-element-populated\">\n\t\t\t\t\t\t<div class=\"elementor-element elementor-element-dbb8ec4 elementor-widget elementor-widget-image\" data-id=\"dbb8ec4\" data-element_type=\"widget\" data-e-type=\"widget\" data-widget_type=\"image.default\">\n\t\t\t\t<div class=\"elementor-widget-container\">\n\t\t\t\t\t\t\t\t\t\t\t\t\t\t\t<img loading=\"lazy\" decoding=\"async\" width=\"300\" height=\"300\" src=\"https:\/\/www.vr-teilhaberbank.blog\/vrblog\/wp-content\/uploads\/2020\/10\/Redaktionsteam-Janina.jpg\" class=\"attachment-large size-large wp-image-8090\" alt=\"Janina Ott\" srcset=\"https:\/\/www.vr-teilhaberbank.blog\/vrblog\/wp-content\/uploads\/2020\/10\/Redaktionsteam-Janina.jpg 300w, https:\/\/www.vr-teilhaberbank.blog\/vrblog\/wp-content\/uploads\/2020\/10\/Redaktionsteam-Janina-150x150.jpg 150w\" sizes=\"(max-width: 300px) 100vw, 300px\" \/>\t\t\t\t\t\t\t\t\t\t\t\t\t\t\t<\/div>\n\t\t\t\t<\/div>\n\t\t\t\t\t<\/div>\n\t\t<\/div>\n\t\t\t\t<div class=\"elementor-column elementor-col-50 elementor-top-column elementor-element elementor-element-c13e6c1\" data-id=\"c13e6c1\" data-element_type=\"column\" data-e-type=\"column\">\n\t\t\t<div class=\"elementor-widget-wrap elementor-element-populated\">\n\t\t\t\t\t\t<div class=\"elementor-element elementor-element-94c7711 elementor-widget elementor-widget-text-editor\" data-id=\"94c7711\" data-element_type=\"widget\" data-e-type=\"widget\" data-widget_type=\"text-editor.default\">\n\t\t\t\t<div class=\"elementor-widget-container\">\n\t\t\t\t\t\t\t\t\t<p>Bei sch\u00f6nen Badeseen in Franken, muss ich sofort an den <a href=\"https:\/\/www.hof.de\/leben-erleben\/aktiv-in-hof\/untreusee\" target=\"_blank\" rel=\"noopener\">Untreusee in Hof<\/a> denken! Der Untreusee liegt im Norden Oberfrankens und kann nicht nur zum Sonnen und Baden genutzt werden.<\/p><p>Sie k\u00f6nnen den See auf einem rund 6 km langen Wanderweg umrunden und sich im Anschluss in der Sommergastst\u00e4tte direkt am See st\u00e4rken. Mit der entsprechenden Erlaubnis k\u00f6nnen Sie dort sogar angeln.<\/p>\t\t\t\t\t\t\t\t<\/div>\n\t\t\t\t<\/div>\n\t\t\t\t\t<\/div>\n\t\t<\/div>\n\t\t\t\t\t<\/div>\n\t\t<\/section>\n\t\t\t\t<section class=\"elementor-section elementor-top-section elementor-element elementor-element-dfd6dbf elementor-section-boxed elementor-section-height-default elementor-section-height-default\" data-id=\"dfd6dbf\" data-element_type=\"section\" data-e-type=\"section\">\n\t\t\t\t\t\t<div class=\"elementor-container elementor-column-gap-default\">\n\t\t\t\t\t<div class=\"elementor-column elementor-col-50 elementor-top-column elementor-element elementor-element-8cab916\" data-id=\"8cab916\" data-element_type=\"column\" data-e-type=\"column\">\n\t\t\t<div class=\"elementor-widget-wrap elementor-element-populated\">\n\t\t\t\t\t\t<div class=\"elementor-element elementor-element-279b64e elementor-widget elementor-widget-text-editor\" data-id=\"279b64e\" data-element_type=\"widget\" data-e-type=\"widget\" data-widget_type=\"text-editor.default\">\n\t\t\t\t<div class=\"elementor-widget-container\">\n\t\t\t\t\t\t\t\t\t<p>Mit einer Minigolfanlage, Tretbooten und einem Labyrinth bietet der Untreusee au\u00dferdem viele Aktivit\u00e4ten f\u00fcr die ganze Familie.<br \/>Wer mehr Action braucht, sollte dem Kletterpark einen Besuch abstatten. Hoch in den Baumwipfeln haben Sie einen sch\u00f6nen Ausblick und k\u00f6nnen mittels Zipline sogar direkt \u00fcber den See fahren.<\/p><p>P.S. Wenn Sie schon im Norden Frankens unterwegs sind, sollten Sie unbedingt auch eine Wandertour im Fichtelgebirge einplanen!<\/p>\t\t\t\t\t\t\t\t<\/div>\n\t\t\t\t<\/div>\n\t\t\t\t\t<\/div>\n\t\t<\/div>\n\t\t\t\t<div class=\"elementor-column elementor-col-50 elementor-top-column elementor-element elementor-element-f955daa\" data-id=\"f955daa\" data-element_type=\"column\" data-e-type=\"column\">\n\t\t\t<div class=\"elementor-widget-wrap elementor-element-populated\">\n\t\t\t\t\t\t<div class=\"elementor-element elementor-element-d772921 elementor-widget elementor-widget-image\" data-id=\"d772921\" data-element_type=\"widget\" data-e-type=\"widget\" data-widget_type=\"image.default\">\n\t\t\t\t<div class=\"elementor-widget-container\">\n\t\t\t\t\t\t\t\t\t\t\t\t\t\t\t<img loading=\"lazy\" decoding=\"async\" width=\"1024\" height=\"1024\" src=\"https:\/\/www.vr-teilhaberbank.blog\/vrblog\/wp-content\/uploads\/2021\/08\/See-Janina-1024x1024.jpg\" class=\"attachment-large size-large wp-image-11782\" alt=\"See in Franken\" srcset=\"https:\/\/www.vr-teilhaberbank.blog\/vrblog\/wp-content\/uploads\/2021\/08\/See-Janina-1024x1024.jpg 1024w, https:\/\/www.vr-teilhaberbank.blog\/vrblog\/wp-content\/uploads\/2021\/08\/See-Janina-300x300.jpg 300w, https:\/\/www.vr-teilhaberbank.blog\/vrblog\/wp-content\/uploads\/2021\/08\/See-Janina-150x150.jpg 150w, https:\/\/www.vr-teilhaberbank.blog\/vrblog\/wp-content\/uploads\/2021\/08\/See-Janina-768x768.jpg 768w, https:\/\/www.vr-teilhaberbank.blog\/vrblog\/wp-content\/uploads\/2021\/08\/See-Janina.jpg 1080w\" sizes=\"(max-width: 1024px) 100vw, 1024px\" \/>\t\t\t\t\t\t\t\t\t\t\t\t\t\t\t<\/div>\n\t\t\t\t<\/div>\n\t\t\t\t\t<\/div>\n\t\t<\/div>\n\t\t\t\t\t<\/div>\n\t\t<\/section>\n\t\t\t\t<section class=\"elementor-section elementor-top-section elementor-element elementor-element-e74208a elementor-section-boxed elementor-section-height-default elementor-section-height-default\" data-id=\"e74208a\" data-element_type=\"section\" data-e-type=\"section\" data-settings=\"{&quot;background_background&quot;:&quot;gradient&quot;}\">\n\t\t\t\t\t\t\t<div class=\"elementor-background-overlay\"><\/div>\n\t\t\t\t\t\t\t<div class=\"elementor-container elementor-column-gap-default\">\n\t\t\t\t\t<div class=\"elementor-column elementor-col-50 elementor-top-column elementor-element elementor-element-c389a89\" data-id=\"c389a89\" data-element_type=\"column\" data-e-type=\"column\">\n\t\t\t<div class=\"elementor-widget-wrap elementor-element-populated\">\n\t\t\t\t\t\t<div class=\"elementor-element elementor-element-80d6e74 elementor-widget elementor-widget-heading\" data-id=\"80d6e74\" data-element_type=\"widget\" data-e-type=\"widget\" data-widget_type=\"heading.default\">\n\t\t\t\t<div class=\"elementor-widget-container\">\n\t\t\t\t\t<div class=\"elementor-heading-title elementor-size-default\">Gerne beraten wir Sie auch an Seen oder in B\u00e4dern. Vereinbaren Sie gerne online einen Termin f\u00fcr eine Videoberatung oder ein Telefongespr\u00e4ch.<\/div>\t\t\t\t<\/div>\n\t\t\t\t<\/div>\n\t\t\t\t\t<\/div>\n\t\t<\/div>\n\t\t\t\t<div class=\"elementor-column elementor-col-50 elementor-top-column elementor-element elementor-element-e980b35\" data-id=\"e980b35\" data-element_type=\"column\" data-e-type=\"column\">\n\t\t\t<div class=\"elementor-widget-wrap elementor-element-populated\">\n\t\t\t\t\t\t<div class=\"elementor-element elementor-element-915eddf elementor-align-center elementor-widget elementor-widget-button\" data-id=\"915eddf\" data-element_type=\"widget\" data-e-type=\"widget\" data-settings=\"{&quot;_animation&quot;:&quot;none&quot;}\" data-widget_type=\"button.default\">\n\t\t\t\t<div class=\"elementor-widget-container\">\n\t\t\t\t\t\t\t\t\t<div class=\"elementor-button-wrapper\">\n\t\t\t\t\t<a class=\"elementor-button elementor-button-link elementor-size-md elementor-animation-grow-rotate\" href=\"https:\/\/www.vr-teilhaberbank.de\/service\/online-services\/online-terminvereinbarung.html\" target=\"_blank\">\n\t\t\t\t\t\t<span class=\"elementor-button-content-wrapper\">\n\t\t\t\t\t\t<span class=\"elementor-button-icon\">\n\t\t\t\t<i aria-hidden=\"true\" class=\"fas fa-user-tie\"><\/i>\t\t\t<\/span>\n\t\t\t\t\t\t\t\t\t<span class=\"elementor-button-text\">Jetzt Termin vereinbaren<\/span>\n\t\t\t\t\t<\/span>\n\t\t\t\t\t<\/a>\n\t\t\t\t<\/div>\n\t\t\t\t\t\t\t\t<\/div>\n\t\t\t\t<\/div>\n\t\t\t\t\t<\/div>\n\t\t<\/div>\n\t\t\t\t\t<\/div>\n\t\t<\/section>\n\t\t\t\t<\/div>\n\t\t","protected":false},"excerpt":{"rendered":"<p>Die Temperaturen steigen weiter und wo l\u00e4sst es sich da wohl besser aushalten als im k\u00fchlen Nass? Falls Sie keinen eigenen Pool im Garten haben oder gerne einfach mal woanders zum Baden hinm\u00f6chten, haben wir die sch\u00f6nsten Seen und B\u00e4der in Franken f\u00fcr Sie ausfindig gemacht. \u00dcbrigens, falls Sie mit Kindern unterwegs sind, haben wir&hellip;&nbsp;<a href=\"https:\/\/www.vr-teilhaberbank.blog\/vrblog\/seen-und-baeder-franken\/\" rel=\"bookmark\">Weiterlesen &raquo;<span class=\"screen-reader-text\">Das sind die sch\u00f6nsten Seen und B\u00e4der in Franken<\/span><\/a><\/p>\n","protected":false},"author":15,"featured_media":11729,"comment_status":"open","ping_status":"closed","sticky":false,"template":"","format":"standard","meta":{"neve_meta_sidebar":"","neve_meta_container":"","neve_meta_enable_content_width":"off","neve_meta_content_width":70,"neve_meta_title_alignment":"","neve_meta_author_avatar":"","neve_post_elements_order":"","neve_meta_disable_header":"","neve_meta_disable_footer":"","neve_meta_disable_title":"","footnotes":""},"categories":[577,4],"tags":[212,476,648,649,29,195,647,255],"class_list":["post-11723","post","type-post","status-publish","format-standard","has-post-thumbnail","hentry","category-freizeit-reisen","category-vr-teilhaber-blog","tag-ausflug","tag-ausfluege","tag-bad","tag-baden","tag-ferien","tag-franken","tag-see","tag-sommer"],"yoast_head":"<!-- This site is optimized with the Yoast SEO plugin v27.5 - https:\/\/yoast.com\/product\/yoast-seo-wordpress\/ -->\n<title>Das sind die sch\u00f6nsten Seen und B\u00e4der in Franken - VR Teilhaber Blog<\/title>\n<meta name=\"description\" content=\"Wo l\u00e4sst es sich im hei\u00dfen Sommer besser aushalten als im k\u00fchlen Nass? Wir haben die sch\u00f6nsten Seen und B\u00e4der in Franken ausfindig gemacht!\" \/>\n<meta name=\"robots\" content=\"index, follow, max-snippet:-1, max-image-preview:large, max-video-preview:-1\" \/>\n<link rel=\"canonical\" href=\"https:\/\/www.vr-teilhaberbank.blog\/vrblog\/seen-und-baeder-franken\/\" \/>\n<meta property=\"og:locale\" content=\"de_DE\" \/>\n<meta property=\"og:type\" content=\"article\" \/>\n<meta property=\"og:title\" content=\"Das sind die sch\u00f6nsten Seen und B\u00e4der in Franken - VR Teilhaber Blog\" \/>\n<meta property=\"og:description\" content=\"Wo l\u00e4sst es sich im hei\u00dfen Sommer besser aushalten als im k\u00fchlen Nass? Wir haben die sch\u00f6nsten Seen und B\u00e4der in Franken ausfindig gemacht!\" \/>\n<meta property=\"og:url\" content=\"https:\/\/www.vr-teilhaberbank.blog\/vrblog\/seen-und-baeder-franken\/\" \/>\n<meta property=\"og:site_name\" content=\"VR Teilhaber Blog\" \/>\n<meta property=\"article:publisher\" content=\"https:\/\/www.facebook.com\/vrbankmetropolregion\" \/>\n<meta property=\"article:published_time\" content=\"2024-07-01T12:28:09+00:00\" \/>\n<meta property=\"article:modified_time\" content=\"2025-05-12T09:49:45+00:00\" \/>\n<meta property=\"og:image\" content=\"https:\/\/www.vr-teilhaberbank.blog\/vrblog\/wp-content\/uploads\/2021\/08\/08_Badeseen.jpg\" \/>\n\t<meta property=\"og:image:width\" content=\"1200\" \/>\n\t<meta property=\"og:image:height\" content=\"628\" \/>\n\t<meta property=\"og:image:type\" content=\"image\/jpeg\" \/>\n<meta name=\"author\" content=\"Redaktionsteam\" \/>\n<meta name=\"twitter:card\" content=\"summary_large_image\" \/>\n<meta name=\"twitter:label1\" content=\"Verfasst von\" \/>\n\t<meta name=\"twitter:data1\" content=\"Redaktionsteam\" \/>\n\t<meta name=\"twitter:label2\" content=\"Gesch\u00e4tzte Lesezeit\" \/>\n\t<meta name=\"twitter:data2\" content=\"5\u00a0Minuten\" \/>\n<script type=\"application\/ld+json\" class=\"yoast-schema-graph\">{\"@context\":\"https:\\\/\\\/schema.org\",\"@graph\":[{\"@type\":[\"Article\",\"BlogPosting\"],\"@id\":\"https:\\\/\\\/www.vr-teilhaberbank.blog\\\/vrblog\\\/seen-und-baeder-franken\\\/#article\",\"isPartOf\":{\"@id\":\"https:\\\/\\\/www.vr-teilhaberbank.blog\\\/vrblog\\\/seen-und-baeder-franken\\\/\"},\"author\":{\"name\":\"Redaktionsteam\",\"@id\":\"https:\\\/\\\/www.vr-teilhaberbank.blog\\\/vrblog\\\/#\\\/schema\\\/person\\\/b15f00e06b463ee1585b103f108ddd4a\"},\"headline\":\"Das sind die sch\u00f6nsten Seen und B\u00e4der in Franken\",\"datePublished\":\"2024-07-01T12:28:09+00:00\",\"dateModified\":\"2025-05-12T09:49:45+00:00\",\"mainEntityOfPage\":{\"@id\":\"https:\\\/\\\/www.vr-teilhaberbank.blog\\\/vrblog\\\/seen-und-baeder-franken\\\/\"},\"wordCount\":604,\"commentCount\":0,\"publisher\":{\"@id\":\"https:\\\/\\\/www.vr-teilhaberbank.blog\\\/vrblog\\\/#organization\"},\"image\":{\"@id\":\"https:\\\/\\\/www.vr-teilhaberbank.blog\\\/vrblog\\\/seen-und-baeder-franken\\\/#primaryimage\"},\"thumbnailUrl\":\"https:\\\/\\\/www.vr-teilhaberbank.blog\\\/vrblog\\\/wp-content\\\/uploads\\\/2021\\\/08\\\/08_Badeseen.jpg\",\"keywords\":[\"ausflug\",\"Ausfl\u00fcge\",\"bad\",\"baden\",\"Ferien\",\"franken\",\"see\",\"Sommer\"],\"articleSection\":[\"Freizeit &amp; Reisen\",\"VR Teilhaber Blog\"],\"inLanguage\":\"de\",\"potentialAction\":[{\"@type\":\"CommentAction\",\"name\":\"Comment\",\"target\":[\"https:\\\/\\\/www.vr-teilhaberbank.blog\\\/vrblog\\\/seen-und-baeder-franken\\\/#respond\"]}]},{\"@type\":\"WebPage\",\"@id\":\"https:\\\/\\\/www.vr-teilhaberbank.blog\\\/vrblog\\\/seen-und-baeder-franken\\\/\",\"url\":\"https:\\\/\\\/www.vr-teilhaberbank.blog\\\/vrblog\\\/seen-und-baeder-franken\\\/\",\"name\":\"Das sind die sch\u00f6nsten Seen und B\u00e4der in Franken - VR Teilhaber Blog\",\"isPartOf\":{\"@id\":\"https:\\\/\\\/www.vr-teilhaberbank.blog\\\/vrblog\\\/#website\"},\"primaryImageOfPage\":{\"@id\":\"https:\\\/\\\/www.vr-teilhaberbank.blog\\\/vrblog\\\/seen-und-baeder-franken\\\/#primaryimage\"},\"image\":{\"@id\":\"https:\\\/\\\/www.vr-teilhaberbank.blog\\\/vrblog\\\/seen-und-baeder-franken\\\/#primaryimage\"},\"thumbnailUrl\":\"https:\\\/\\\/www.vr-teilhaberbank.blog\\\/vrblog\\\/wp-content\\\/uploads\\\/2021\\\/08\\\/08_Badeseen.jpg\",\"datePublished\":\"2024-07-01T12:28:09+00:00\",\"dateModified\":\"2025-05-12T09:49:45+00:00\",\"description\":\"Wo l\u00e4sst es sich im hei\u00dfen Sommer besser aushalten als im k\u00fchlen Nass? Wir haben die sch\u00f6nsten Seen und B\u00e4der in Franken ausfindig gemacht!\",\"inLanguage\":\"de\",\"potentialAction\":[{\"@type\":\"ReadAction\",\"target\":[\"https:\\\/\\\/www.vr-teilhaberbank.blog\\\/vrblog\\\/seen-und-baeder-franken\\\/\"]}]},{\"@type\":\"ImageObject\",\"inLanguage\":\"de\",\"@id\":\"https:\\\/\\\/www.vr-teilhaberbank.blog\\\/vrblog\\\/seen-und-baeder-franken\\\/#primaryimage\",\"url\":\"https:\\\/\\\/www.vr-teilhaberbank.blog\\\/vrblog\\\/wp-content\\\/uploads\\\/2021\\\/08\\\/08_Badeseen.jpg\",\"contentUrl\":\"https:\\\/\\\/www.vr-teilhaberbank.blog\\\/vrblog\\\/wp-content\\\/uploads\\\/2021\\\/08\\\/08_Badeseen.jpg\",\"width\":1200,\"height\":628,\"caption\":\"3 Frauen schwimmen l\u00e4chelnd in einem See\"},{\"@type\":\"WebSite\",\"@id\":\"https:\\\/\\\/www.vr-teilhaberbank.blog\\\/vrblog\\\/#website\",\"url\":\"https:\\\/\\\/www.vr-teilhaberbank.blog\\\/vrblog\\\/\",\"name\":\"VR Teilhaber Blog\",\"description\":\"Mit \u2764 von der VR TeilhaberBank erstellt\",\"publisher\":{\"@id\":\"https:\\\/\\\/www.vr-teilhaberbank.blog\\\/vrblog\\\/#organization\"},\"potentialAction\":[{\"@type\":\"SearchAction\",\"target\":{\"@type\":\"EntryPoint\",\"urlTemplate\":\"https:\\\/\\\/www.vr-teilhaberbank.blog\\\/vrblog\\\/?s={search_term_string}\"},\"query-input\":{\"@type\":\"PropertyValueSpecification\",\"valueRequired\":true,\"valueName\":\"search_term_string\"}}],\"inLanguage\":\"de\"},{\"@type\":\"Organization\",\"@id\":\"https:\\\/\\\/www.vr-teilhaberbank.blog\\\/vrblog\\\/#organization\",\"name\":\"VR Teilhaber Blog\",\"url\":\"https:\\\/\\\/www.vr-teilhaberbank.blog\\\/vrblog\\\/\",\"logo\":{\"@type\":\"ImageObject\",\"inLanguage\":\"de\",\"@id\":\"https:\\\/\\\/www.vr-teilhaberbank.blog\\\/vrblog\\\/#\\\/schema\\\/logo\\\/image\\\/\",\"url\":\"https:\\\/\\\/www.vr-teilhaberbank.blog\\\/vrblog\\\/wp-content\\\/uploads\\\/2021\\\/09\\\/cropped-Blog-VR-Bank-Logo.png\",\"contentUrl\":\"https:\\\/\\\/www.vr-teilhaberbank.blog\\\/vrblog\\\/wp-content\\\/uploads\\\/2021\\\/09\\\/cropped-Blog-VR-Bank-Logo.png\",\"width\":400,\"height\":100,\"caption\":\"VR Teilhaber Blog\"},\"image\":{\"@id\":\"https:\\\/\\\/www.vr-teilhaberbank.blog\\\/vrblog\\\/#\\\/schema\\\/logo\\\/image\\\/\"},\"sameAs\":[\"https:\\\/\\\/www.facebook.com\\\/vrbankmetropolregion\",\"https:\\\/\\\/www.instagram.com\\\/vr_bank_metropolregion\"]},{\"@type\":\"Person\",\"@id\":\"https:\\\/\\\/www.vr-teilhaberbank.blog\\\/vrblog\\\/#\\\/schema\\\/person\\\/b15f00e06b463ee1585b103f108ddd4a\",\"name\":\"Redaktionsteam\",\"image\":{\"@type\":\"ImageObject\",\"inLanguage\":\"de\",\"@id\":\"https:\\\/\\\/secure.gravatar.com\\\/avatar\\\/9cc17df0fc7cd24f8c69cc53c9f3cd68d43505f6464ca5c33a9350a8beb957d5?s=96&d=mm&r=g\",\"url\":\"https:\\\/\\\/secure.gravatar.com\\\/avatar\\\/9cc17df0fc7cd24f8c69cc53c9f3cd68d43505f6464ca5c33a9350a8beb957d5?s=96&d=mm&r=g\",\"contentUrl\":\"https:\\\/\\\/secure.gravatar.com\\\/avatar\\\/9cc17df0fc7cd24f8c69cc53c9f3cd68d43505f6464ca5c33a9350a8beb957d5?s=96&d=mm&r=g\",\"caption\":\"Redaktionsteam\"},\"description\":\"Manchmal ist die Meinung des gesamten Teams gefragt. Egal ob es um Finanzen, unsere Region oder den n\u00e4chsten Urlaub geht - jeder hat eine andere Meinung und Vorliebe! Deshalb schreiben wir ab und an auch Beitr\u00e4ge zusammen :)\",\"sameAs\":[\"https:\\\/\\\/www.vr-bank-nuernberg.de\\\/teilhaberbank.html\"],\"url\":\"https:\\\/\\\/www.vr-teilhaberbank.blog\\\/vrblog\\\/author\\\/redaktionsteam\\\/\"}]}<\/script>\n<!-- \/ Yoast SEO plugin. -->","yoast_head_json":{"title":"Das sind die sch\u00f6nsten Seen und B\u00e4der in Franken - VR Teilhaber Blog","description":"Wo l\u00e4sst es sich im hei\u00dfen Sommer besser aushalten als im k\u00fchlen Nass? Wir haben die sch\u00f6nsten Seen und B\u00e4der in Franken ausfindig gemacht!","robots":{"index":"index","follow":"follow","max-snippet":"max-snippet:-1","max-image-preview":"max-image-preview:large","max-video-preview":"max-video-preview:-1"},"canonical":"https:\/\/www.vr-teilhaberbank.blog\/vrblog\/seen-und-baeder-franken\/","og_locale":"de_DE","og_type":"article","og_title":"Das sind die sch\u00f6nsten Seen und B\u00e4der in Franken - VR Teilhaber Blog","og_description":"Wo l\u00e4sst es sich im hei\u00dfen Sommer besser aushalten als im k\u00fchlen Nass? Wir haben die sch\u00f6nsten Seen und B\u00e4der in Franken ausfindig gemacht!","og_url":"https:\/\/www.vr-teilhaberbank.blog\/vrblog\/seen-und-baeder-franken\/","og_site_name":"VR Teilhaber Blog","article_publisher":"https:\/\/www.facebook.com\/vrbankmetropolregion","article_published_time":"2024-07-01T12:28:09+00:00","article_modified_time":"2025-05-12T09:49:45+00:00","og_image":[{"width":1200,"height":628,"url":"https:\/\/www.vr-teilhaberbank.blog\/vrblog\/wp-content\/uploads\/2021\/08\/08_Badeseen.jpg","type":"image\/jpeg"}],"author":"Redaktionsteam","twitter_card":"summary_large_image","twitter_misc":{"Verfasst von":"Redaktionsteam","Gesch\u00e4tzte Lesezeit":"5\u00a0Minuten"},"schema":{"@context":"https:\/\/schema.org","@graph":[{"@type":["Article","BlogPosting"],"@id":"https:\/\/www.vr-teilhaberbank.blog\/vrblog\/seen-und-baeder-franken\/#article","isPartOf":{"@id":"https:\/\/www.vr-teilhaberbank.blog\/vrblog\/seen-und-baeder-franken\/"},"author":{"name":"Redaktionsteam","@id":"https:\/\/www.vr-teilhaberbank.blog\/vrblog\/#\/schema\/person\/b15f00e06b463ee1585b103f108ddd4a"},"headline":"Das sind die sch\u00f6nsten Seen und B\u00e4der in Franken","datePublished":"2024-07-01T12:28:09+00:00","dateModified":"2025-05-12T09:49:45+00:00","mainEntityOfPage":{"@id":"https:\/\/www.vr-teilhaberbank.blog\/vrblog\/seen-und-baeder-franken\/"},"wordCount":604,"commentCount":0,"publisher":{"@id":"https:\/\/www.vr-teilhaberbank.blog\/vrblog\/#organization"},"image":{"@id":"https:\/\/www.vr-teilhaberbank.blog\/vrblog\/seen-und-baeder-franken\/#primaryimage"},"thumbnailUrl":"https:\/\/www.vr-teilhaberbank.blog\/vrblog\/wp-content\/uploads\/2021\/08\/08_Badeseen.jpg","keywords":["ausflug","Ausfl\u00fcge","bad","baden","Ferien","franken","see","Sommer"],"articleSection":["Freizeit &amp; Reisen","VR Teilhaber Blog"],"inLanguage":"de","potentialAction":[{"@type":"CommentAction","name":"Comment","target":["https:\/\/www.vr-teilhaberbank.blog\/vrblog\/seen-und-baeder-franken\/#respond"]}]},{"@type":"WebPage","@id":"https:\/\/www.vr-teilhaberbank.blog\/vrblog\/seen-und-baeder-franken\/","url":"https:\/\/www.vr-teilhaberbank.blog\/vrblog\/seen-und-baeder-franken\/","name":"Das sind die sch\u00f6nsten Seen und B\u00e4der in Franken - VR Teilhaber Blog","isPartOf":{"@id":"https:\/\/www.vr-teilhaberbank.blog\/vrblog\/#website"},"primaryImageOfPage":{"@id":"https:\/\/www.vr-teilhaberbank.blog\/vrblog\/seen-und-baeder-franken\/#primaryimage"},"image":{"@id":"https:\/\/www.vr-teilhaberbank.blog\/vrblog\/seen-und-baeder-franken\/#primaryimage"},"thumbnailUrl":"https:\/\/www.vr-teilhaberbank.blog\/vrblog\/wp-content\/uploads\/2021\/08\/08_Badeseen.jpg","datePublished":"2024-07-01T12:28:09+00:00","dateModified":"2025-05-12T09:49:45+00:00","description":"Wo l\u00e4sst es sich im hei\u00dfen Sommer besser aushalten als im k\u00fchlen Nass? Wir haben die sch\u00f6nsten Seen und B\u00e4der in Franken ausfindig gemacht!","inLanguage":"de","potentialAction":[{"@type":"ReadAction","target":["https:\/\/www.vr-teilhaberbank.blog\/vrblog\/seen-und-baeder-franken\/"]}]},{"@type":"ImageObject","inLanguage":"de","@id":"https:\/\/www.vr-teilhaberbank.blog\/vrblog\/seen-und-baeder-franken\/#primaryimage","url":"https:\/\/www.vr-teilhaberbank.blog\/vrblog\/wp-content\/uploads\/2021\/08\/08_Badeseen.jpg","contentUrl":"https:\/\/www.vr-teilhaberbank.blog\/vrblog\/wp-content\/uploads\/2021\/08\/08_Badeseen.jpg","width":1200,"height":628,"caption":"3 Frauen schwimmen l\u00e4chelnd in einem See"},{"@type":"WebSite","@id":"https:\/\/www.vr-teilhaberbank.blog\/vrblog\/#website","url":"https:\/\/www.vr-teilhaberbank.blog\/vrblog\/","name":"VR Teilhaber Blog","description":"Mit \u2764 von der VR TeilhaberBank erstellt","publisher":{"@id":"https:\/\/www.vr-teilhaberbank.blog\/vrblog\/#organization"},"potentialAction":[{"@type":"SearchAction","target":{"@type":"EntryPoint","urlTemplate":"https:\/\/www.vr-teilhaberbank.blog\/vrblog\/?s={search_term_string}"},"query-input":{"@type":"PropertyValueSpecification","valueRequired":true,"valueName":"search_term_string"}}],"inLanguage":"de"},{"@type":"Organization","@id":"https:\/\/www.vr-teilhaberbank.blog\/vrblog\/#organization","name":"VR Teilhaber Blog","url":"https:\/\/www.vr-teilhaberbank.blog\/vrblog\/","logo":{"@type":"ImageObject","inLanguage":"de","@id":"https:\/\/www.vr-teilhaberbank.blog\/vrblog\/#\/schema\/logo\/image\/","url":"https:\/\/www.vr-teilhaberbank.blog\/vrblog\/wp-content\/uploads\/2021\/09\/cropped-Blog-VR-Bank-Logo.png","contentUrl":"https:\/\/www.vr-teilhaberbank.blog\/vrblog\/wp-content\/uploads\/2021\/09\/cropped-Blog-VR-Bank-Logo.png","width":400,"height":100,"caption":"VR Teilhaber Blog"},"image":{"@id":"https:\/\/www.vr-teilhaberbank.blog\/vrblog\/#\/schema\/logo\/image\/"},"sameAs":["https:\/\/www.facebook.com\/vrbankmetropolregion","https:\/\/www.instagram.com\/vr_bank_metropolregion"]},{"@type":"Person","@id":"https:\/\/www.vr-teilhaberbank.blog\/vrblog\/#\/schema\/person\/b15f00e06b463ee1585b103f108ddd4a","name":"Redaktionsteam","image":{"@type":"ImageObject","inLanguage":"de","@id":"https:\/\/secure.gravatar.com\/avatar\/9cc17df0fc7cd24f8c69cc53c9f3cd68d43505f6464ca5c33a9350a8beb957d5?s=96&d=mm&r=g","url":"https:\/\/secure.gravatar.com\/avatar\/9cc17df0fc7cd24f8c69cc53c9f3cd68d43505f6464ca5c33a9350a8beb957d5?s=96&d=mm&r=g","contentUrl":"https:\/\/secure.gravatar.com\/avatar\/9cc17df0fc7cd24f8c69cc53c9f3cd68d43505f6464ca5c33a9350a8beb957d5?s=96&d=mm&r=g","caption":"Redaktionsteam"},"description":"Manchmal ist die Meinung des gesamten Teams gefragt. Egal ob es um Finanzen, unsere Region oder den n\u00e4chsten Urlaub geht - jeder hat eine andere Meinung und Vorliebe! Deshalb schreiben wir ab und an auch Beitr\u00e4ge zusammen :)","sameAs":["https:\/\/www.vr-bank-nuernberg.de\/teilhaberbank.html"],"url":"https:\/\/www.vr-teilhaberbank.blog\/vrblog\/author\/redaktionsteam\/"}]}},"_links":{"self":[{"href":"https:\/\/www.vr-teilhaberbank.blog\/vrblog\/wp-json\/wp\/v2\/posts\/11723","targetHints":{"allow":["GET"]}}],"collection":[{"href":"https:\/\/www.vr-teilhaberbank.blog\/vrblog\/wp-json\/wp\/v2\/posts"}],"about":[{"href":"https:\/\/www.vr-teilhaberbank.blog\/vrblog\/wp-json\/wp\/v2\/types\/post"}],"author":[{"embeddable":true,"href":"https:\/\/www.vr-teilhaberbank.blog\/vrblog\/wp-json\/wp\/v2\/users\/15"}],"replies":[{"embeddable":true,"href":"https:\/\/www.vr-teilhaberbank.blog\/vrblog\/wp-json\/wp\/v2\/comments?post=11723"}],"version-history":[{"count":48,"href":"https:\/\/www.vr-teilhaberbank.blog\/vrblog\/wp-json\/wp\/v2\/posts\/11723\/revisions"}],"predecessor-version":[{"id":19953,"href":"https:\/\/www.vr-teilhaberbank.blog\/vrblog\/wp-json\/wp\/v2\/posts\/11723\/revisions\/19953"}],"wp:featuredmedia":[{"embeddable":true,"href":"https:\/\/www.vr-teilhaberbank.blog\/vrblog\/wp-json\/wp\/v2\/media\/11729"}],"wp:attachment":[{"href":"https:\/\/www.vr-teilhaberbank.blog\/vrblog\/wp-json\/wp\/v2\/media?parent=11723"}],"wp:term":[{"taxonomy":"category","embeddable":true,"href":"https:\/\/www.vr-teilhaberbank.blog\/vrblog\/wp-json\/wp\/v2\/categories?post=11723"},{"taxonomy":"post_tag","embeddable":true,"href":"https:\/\/www.vr-teilhaberbank.blog\/vrblog\/wp-json\/wp\/v2\/tags?post=11723"}],"curies":[{"name":"wp","href":"https:\/\/api.w.org\/{rel}","templated":true}]}}