{"id":10140,"date":"2025-10-16T09:19:49","date_gmt":"2025-10-16T08:19:49","guid":{"rendered":"https:\/\/www.vrbanknuernberg.de\/vrblog\/?p=10140"},"modified":"2025-10-16T11:13:28","modified_gmt":"2025-10-16T10:13:28","slug":"altersvorsorge-fuer-alleinerziehende","status":"publish","type":"post","link":"https:\/\/www.vr-teilhaberbank.blog\/vrblog\/altersvorsorge-fuer-alleinerziehende\/","title":{"rendered":"VR Experten-Talk: Altersvorsorge f\u00fcr Alleinerziehende"},"content":{"rendered":"\t\t<div data-elementor-type=\"wp-post\" data-elementor-id=\"10140\" class=\"elementor elementor-10140\">\n\t\t\t\t\t\t<section class=\"elementor-section elementor-top-section elementor-element elementor-element-53eff92 elementor-section-boxed elementor-section-height-default elementor-section-height-default\" data-id=\"53eff92\" data-element_type=\"section\" data-e-type=\"section\">\n\t\t\t\t\t\t<div class=\"elementor-container elementor-column-gap-default\">\n\t\t\t\t\t<div class=\"elementor-column elementor-col-100 elementor-top-column elementor-element elementor-element-4c4adae\" data-id=\"4c4adae\" data-element_type=\"column\" data-e-type=\"column\">\n\t\t\t<div class=\"elementor-widget-wrap elementor-element-populated\">\n\t\t\t\t\t\t<div class=\"elementor-element elementor-element-12cc2cd elementor-widget elementor-widget-text-editor\" data-id=\"12cc2cd\" data-element_type=\"widget\" data-e-type=\"widget\" data-widget_type=\"text-editor.default\">\n\t\t\t\t<div class=\"elementor-widget-container\">\n\t\t\t\t\t\t\t\t\t<p>Was f\u00fcrs Alter zur\u00fccklegen &#8211; klar ist das sinnvoll. Aber bei Alleinerziehenden steht das Thema Altersvorsorge h\u00e4ufig nicht an erster Stelle. Wenig Zeit, andere Priorit\u00e4ten und vor allem die vielen allt\u00e4glichen kleinen und gro\u00dfen Verpflichtungen. Da rutscht der Banktermin schon mal ganz nach unten auf der To-Do-Liste. Das wollen wir \u00e4ndern! In unserem Experten-Talk zeigen wir, wie Vorsorge auch f\u00fcr Alleinerziehende ganz einfach m\u00f6glich ist.<\/p><p>Unser Gespr\u00e4chspartner ist Sergio Rey-Creo, Kundenberater in der <a href=\"https:\/\/www.vr-teilhaberbank.de\" target=\"_blank\" rel=\"noopener\">VR Teilhaberbank<\/a>-Filiale in Stein.<\/p>\t\t\t\t\t\t\t\t<\/div>\n\t\t\t\t<\/div>\n\t\t\t\t\t<\/div>\n\t\t<\/div>\n\t\t\t\t\t<\/div>\n\t\t<\/section>\n\t\t\t\t<section class=\"elementor-section elementor-top-section elementor-element elementor-element-943ff65 elementor-section-boxed elementor-section-height-default elementor-section-height-default\" data-id=\"943ff65\" data-element_type=\"section\" data-e-type=\"section\">\n\t\t\t\t\t\t<div class=\"elementor-container elementor-column-gap-default\">\n\t\t\t\t\t<div class=\"elementor-column elementor-col-100 elementor-top-column elementor-element elementor-element-c942394\" data-id=\"c942394\" data-element_type=\"column\" data-e-type=\"column\">\n\t\t\t<div class=\"elementor-widget-wrap elementor-element-populated\">\n\t\t\t\t\t\t<div class=\"elementor-element elementor-element-7c84049 elementor-widget elementor-widget-heading\" data-id=\"7c84049\" data-element_type=\"widget\" data-e-type=\"widget\" data-widget_type=\"heading.default\">\n\t\t\t\t<div class=\"elementor-widget-container\">\n\t\t\t\t\t<h2 class=\"elementor-heading-title elementor-size-default\">Welche Arten der privaten Altersvorsorge gibt es \u00fcberhaupt?<\/h2>\t\t\t\t<\/div>\n\t\t\t\t<\/div>\n\t\t\t\t\t<\/div>\n\t\t<\/div>\n\t\t\t\t\t<\/div>\n\t\t<\/section>\n\t\t\t\t<section class=\"elementor-section elementor-top-section elementor-element elementor-element-b2fc687 elementor-section-boxed elementor-section-height-default elementor-section-height-default\" data-id=\"b2fc687\" data-element_type=\"section\" data-e-type=\"section\">\n\t\t\t\t\t\t<div class=\"elementor-container elementor-column-gap-default\">\n\t\t\t\t\t<div class=\"elementor-column elementor-col-100 elementor-top-column elementor-element elementor-element-9edac39\" data-id=\"9edac39\" data-element_type=\"column\" data-e-type=\"column\">\n\t\t\t<div class=\"elementor-widget-wrap elementor-element-populated\">\n\t\t\t\t\t\t<div class=\"elementor-element elementor-element-34a5886 elementor-widget elementor-widget-text-editor\" data-id=\"34a5886\" data-element_type=\"widget\" data-e-type=\"widget\" data-widget_type=\"text-editor.default\">\n\t\t\t\t<div class=\"elementor-widget-container\">\n\t\t\t\t\t\t\t\t\t<p>Wir unterscheiden zwischen der <strong>staatlich gef\u00f6rderten Altersvorsorge<\/strong>, die durch Zulagen bzw.<br \/>Steuervorteile den Verm\u00f6gensaufbau zus\u00e4tzlich unterst\u00fctzt, und der <strong>rein privaten Vorsorge<\/strong><br \/>(z.B. durch eine private Rentenversicherung oder Fondssparen).<\/p>\t\t\t\t\t\t\t\t<\/div>\n\t\t\t\t<\/div>\n\t\t\t\t\t<\/div>\n\t\t<\/div>\n\t\t\t\t\t<\/div>\n\t\t<\/section>\n\t\t\t\t<section class=\"elementor-section elementor-top-section elementor-element elementor-element-9658f31 elementor-section-boxed elementor-section-height-default elementor-section-height-default\" data-id=\"9658f31\" data-element_type=\"section\" data-e-type=\"section\">\n\t\t\t\t\t\t<div class=\"elementor-container elementor-column-gap-default\">\n\t\t\t\t\t<div class=\"elementor-column elementor-col-100 elementor-top-column elementor-element elementor-element-fe2e5d2\" data-id=\"fe2e5d2\" data-element_type=\"column\" data-e-type=\"column\">\n\t\t\t<div class=\"elementor-widget-wrap elementor-element-populated\">\n\t\t\t\t\t\t<div class=\"elementor-element elementor-element-dc30d22 elementor-widget elementor-widget-heading\" data-id=\"dc30d22\" data-element_type=\"widget\" data-e-type=\"widget\" data-widget_type=\"heading.default\">\n\t\t\t\t<div class=\"elementor-widget-container\">\n\t\t\t\t\t<h2 class=\"elementor-heading-title elementor-size-default\"><a href=\"https:\/\/www.vrbanknuernberg.de\/vrblog\/altersvorsorge-fuer-frauen\/\">Sieht Altersvorsorge f\u00fcr Frauen anders aus als f\u00fcr M\u00e4nner?<\/a><\/h2>\t\t\t\t<\/div>\n\t\t\t\t<\/div>\n\t\t\t\t\t<\/div>\n\t\t<\/div>\n\t\t\t\t\t<\/div>\n\t\t<\/section>\n\t\t\t\t<section class=\"elementor-section elementor-top-section elementor-element elementor-element-80e060a elementor-section-boxed elementor-section-height-default elementor-section-height-default\" data-id=\"80e060a\" data-element_type=\"section\" data-e-type=\"section\">\n\t\t\t\t\t\t<div class=\"elementor-container elementor-column-gap-default\">\n\t\t\t\t\t<div class=\"elementor-column elementor-col-50 elementor-top-column elementor-element elementor-element-0551d91\" data-id=\"0551d91\" data-element_type=\"column\" data-e-type=\"column\">\n\t\t\t<div class=\"elementor-widget-wrap elementor-element-populated\">\n\t\t\t\t\t\t<div class=\"elementor-element elementor-element-63b3345 elementor-view-default elementor-widget elementor-widget-icon\" data-id=\"63b3345\" data-element_type=\"widget\" data-e-type=\"widget\" data-widget_type=\"icon.default\">\n\t\t\t\t<div class=\"elementor-widget-container\">\n\t\t\t\t\t\t\t<div class=\"elementor-icon-wrapper\">\n\t\t\t<a class=\"elementor-icon\" href=\"https:\/\/www.vrbanknuernberg.de\/vrblog\/altersvorsorge-fuer-frauen\/\">\n\t\t\t<i aria-hidden=\"true\" class=\"fas fa-female\"><\/i>\t\t\t<\/a>\n\t\t<\/div>\n\t\t\t\t\t\t<\/div>\n\t\t\t\t<\/div>\n\t\t\t\t<div class=\"elementor-element elementor-element-84cae39 elementor-view-default elementor-widget elementor-widget-icon\" data-id=\"84cae39\" data-element_type=\"widget\" data-e-type=\"widget\" data-widget_type=\"icon.default\">\n\t\t\t\t<div class=\"elementor-widget-container\">\n\t\t\t\t\t\t\t<div class=\"elementor-icon-wrapper\">\n\t\t\t<div class=\"elementor-icon\">\n\t\t\t<i aria-hidden=\"true\" class=\"fas fa-male\"><\/i>\t\t\t<\/div>\n\t\t<\/div>\n\t\t\t\t\t\t<\/div>\n\t\t\t\t<\/div>\n\t\t\t\t\t<\/div>\n\t\t<\/div>\n\t\t\t\t<div class=\"elementor-column elementor-col-50 elementor-top-column elementor-element elementor-element-caf4ba0\" data-id=\"caf4ba0\" data-element_type=\"column\" data-e-type=\"column\">\n\t\t\t<div class=\"elementor-widget-wrap elementor-element-populated\">\n\t\t\t\t\t\t<div class=\"elementor-element elementor-element-af6a517 elementor-widget elementor-widget-text-editor\" data-id=\"af6a517\" data-element_type=\"widget\" data-e-type=\"widget\" data-widget_type=\"text-editor.default\">\n\t\t\t\t<div class=\"elementor-widget-container\">\n\t\t\t\t\t\t\t\t\t<p>Das kann man so pauschal nicht sagen. Es ist f\u00fcr jeden sehr wichtig, die Vorsorgel\u00fccke rechtzeitig zu berechnen. Durch den pers\u00f6nlichen Lebenslauf, beispielsweise durch Teilzeitbesch\u00e4ftigung oder Kindererziehungszeiten, f\u00e4llt nat\u00fcrlich die <a href=\"https:\/\/www.vr-teilhaberbank.blog\/vrblog\/rente\/\" target=\"_blank\" rel=\"noopener\">gesetzliche Rente<\/a> geringer aus, als bei einer dauerhaften Vollzeitbesch\u00e4ftigung. Gerne berechnen wir mit Ihnen gemeinsam Ihre Rentenl\u00fccke.<\/p>\t\t\t\t\t\t\t\t<\/div>\n\t\t\t\t<\/div>\n\t\t\t\t\t<\/div>\n\t\t<\/div>\n\t\t\t\t\t<\/div>\n\t\t<\/section>\n\t\t\t\t<section class=\"elementor-section elementor-top-section elementor-element elementor-element-a11e21f elementor-section-boxed elementor-section-height-default elementor-section-height-default\" data-id=\"a11e21f\" data-element_type=\"section\" data-e-type=\"section\">\n\t\t\t\t\t\t<div class=\"elementor-container elementor-column-gap-default\">\n\t\t\t\t\t<div class=\"elementor-column elementor-col-100 elementor-top-column elementor-element elementor-element-4ed1c33\" data-id=\"4ed1c33\" data-element_type=\"column\" data-e-type=\"column\">\n\t\t\t<div class=\"elementor-widget-wrap elementor-element-populated\">\n\t\t\t\t\t\t<div class=\"elementor-element elementor-element-b13f5e5 elementor-widget elementor-widget-heading\" data-id=\"b13f5e5\" data-element_type=\"widget\" data-e-type=\"widget\" data-widget_type=\"heading.default\">\n\t\t\t\t<div class=\"elementor-widget-container\">\n\t\t\t\t\t<h2 class=\"elementor-heading-title elementor-size-default\">Was macht Sinn in Sachen Altersvorsorge f\u00fcr Alleinerziehende?<\/h2>\t\t\t\t<\/div>\n\t\t\t\t<\/div>\n\t\t\t\t\t<\/div>\n\t\t<\/div>\n\t\t\t\t\t<\/div>\n\t\t<\/section>\n\t\t\t\t<section class=\"elementor-section elementor-top-section elementor-element elementor-element-da2f19b elementor-section-boxed elementor-section-height-default elementor-section-height-default\" data-id=\"da2f19b\" data-element_type=\"section\" data-e-type=\"section\">\n\t\t\t\t\t\t<div class=\"elementor-container elementor-column-gap-default\">\n\t\t\t\t\t<div class=\"elementor-column elementor-col-50 elementor-top-column elementor-element elementor-element-c53780f\" data-id=\"c53780f\" data-element_type=\"column\" data-e-type=\"column\">\n\t\t\t<div class=\"elementor-widget-wrap elementor-element-populated\">\n\t\t\t\t\t\t<div class=\"elementor-element elementor-element-8be86a1 elementor-widget elementor-widget-image\" data-id=\"8be86a1\" data-element_type=\"widget\" data-e-type=\"widget\" data-widget_type=\"image.default\">\n\t\t\t\t<div class=\"elementor-widget-container\">\n\t\t\t\t\t\t\t\t\t\t\t\t\t\t\t<img fetchpriority=\"high\" decoding=\"async\" width=\"300\" height=\"300\" src=\"https:\/\/www.vr-teilhaberbank.blog\/vrblog\/wp-content\/uploads\/2021\/04\/AV-Alleinerziehende-2-300x300.jpg\" class=\"attachment-medium size-medium wp-image-10842\" alt=\"Lachendes M\u00e4dchen umarmt gro\u00dfes Sparschwein\" srcset=\"https:\/\/www.vr-teilhaberbank.blog\/vrblog\/wp-content\/uploads\/2021\/04\/AV-Alleinerziehende-2-300x300.jpg 300w, https:\/\/www.vr-teilhaberbank.blog\/vrblog\/wp-content\/uploads\/2021\/04\/AV-Alleinerziehende-2-150x150.jpg 150w, https:\/\/www.vr-teilhaberbank.blog\/vrblog\/wp-content\/uploads\/2021\/04\/AV-Alleinerziehende-2.jpg 600w\" sizes=\"(max-width: 300px) 100vw, 300px\" \/>\t\t\t\t\t\t\t\t\t\t\t\t\t\t\t<\/div>\n\t\t\t\t<\/div>\n\t\t\t\t\t<\/div>\n\t\t<\/div>\n\t\t\t\t<div class=\"elementor-column elementor-col-50 elementor-top-column elementor-element elementor-element-58a9011\" data-id=\"58a9011\" data-element_type=\"column\" data-e-type=\"column\">\n\t\t\t<div class=\"elementor-widget-wrap elementor-element-populated\">\n\t\t\t\t\t\t<div class=\"elementor-element elementor-element-ba21c2a elementor-widget elementor-widget-text-editor\" data-id=\"ba21c2a\" data-element_type=\"widget\" data-e-type=\"widget\" data-widget_type=\"text-editor.default\">\n\t\t\t\t<div class=\"elementor-widget-container\">\n\t\t\t\t\t\t\t\t\t<p>Sinnvoll ist auf jeden Fall die Nutzung der staatlichen F\u00f6rderung. Hier gibt es zus\u00e4tzlich zur eigenen F\u00f6rderung (bis zu 175,00 Euro j\u00e4hrlich) noch die Kinderzulage. F\u00fcr Kinder, die ab 2008 geboren sind, betr\u00e4gt diese bis zu 300,00 Euro j\u00e4hrlich, bei Kindern, die vor 2008 geboren wurden, bis zu 185,00 Euro j\u00e4hrlich, solange diese kindergeldberechtigt sind.<\/p><p>Auch die Nutzung der Vorteile der betrieblichen Altersvorsorge, bei welcher sich auch der Arbeitgeber beteiligt, macht Sinn.<\/p>\t\t\t\t\t\t\t\t<\/div>\n\t\t\t\t<\/div>\n\t\t\t\t\t<\/div>\n\t\t<\/div>\n\t\t\t\t\t<\/div>\n\t\t<\/section>\n\t\t\t\t<section class=\"elementor-section elementor-top-section elementor-element elementor-element-a1b468a elementor-section-boxed elementor-section-height-default elementor-section-height-default\" data-id=\"a1b468a\" data-element_type=\"section\" data-e-type=\"section\">\n\t\t\t\t\t\t<div class=\"elementor-container elementor-column-gap-default\">\n\t\t\t\t\t<div class=\"elementor-column elementor-col-100 elementor-top-column elementor-element elementor-element-ce43b37\" data-id=\"ce43b37\" data-element_type=\"column\" data-e-type=\"column\">\n\t\t\t<div class=\"elementor-widget-wrap elementor-element-populated\">\n\t\t\t\t\t\t<div class=\"elementor-element elementor-element-7bfd9a8 elementor-widget elementor-widget-heading\" data-id=\"7bfd9a8\" data-element_type=\"widget\" data-e-type=\"widget\" data-widget_type=\"heading.default\">\n\t\t\t\t<div class=\"elementor-widget-container\">\n\t\t\t\t\t<h2 class=\"elementor-heading-title elementor-size-default\">Warum sollte man (oder frau) jetzt etwas tun und nicht erst, wenn die Kinder aus dem Haus sind?<\/h2>\t\t\t\t<\/div>\n\t\t\t\t<\/div>\n\t\t\t\t\t<\/div>\n\t\t<\/div>\n\t\t\t\t\t<\/div>\n\t\t<\/section>\n\t\t\t\t<section class=\"elementor-section elementor-top-section elementor-element elementor-element-c185f6c elementor-section-boxed elementor-section-height-default elementor-section-height-default\" data-id=\"c185f6c\" data-element_type=\"section\" data-e-type=\"section\">\n\t\t\t\t\t\t<div class=\"elementor-container elementor-column-gap-default\">\n\t\t\t\t\t<div class=\"elementor-column elementor-col-100 elementor-top-column elementor-element elementor-element-b880e7b\" data-id=\"b880e7b\" data-element_type=\"column\" data-e-type=\"column\">\n\t\t\t<div class=\"elementor-widget-wrap elementor-element-populated\">\n\t\t\t\t\t\t<div class=\"elementor-element elementor-element-17049db elementor-widget elementor-widget-text-editor\" data-id=\"17049db\" data-element_type=\"widget\" data-e-type=\"widget\" data-widget_type=\"text-editor.default\">\n\t\t\t\t<div class=\"elementor-widget-container\">\n\t\t\t\t\t\t\t\t\t<p>Ein Punkt ist gleich die gerade genannte Kinderzulage. Denn der Anspruch gilt, solange ich f\u00fcr meinen Nachwuchs \u201ekindergeldberechtigt\u201c bin.<\/p><p>Zus\u00e4tzlich kann man aber sagen, je fr\u00fcher ich anfange, umso weniger muss ich monatlich aufwenden. Und desto leichter ist es, die Vorsorgel\u00fccke zu schlie\u00dfen.<\/p>\t\t\t\t\t\t\t\t<\/div>\n\t\t\t\t<\/div>\n\t\t\t\t\t<\/div>\n\t\t<\/div>\n\t\t\t\t\t<\/div>\n\t\t<\/section>\n\t\t\t\t<section class=\"elementor-section elementor-top-section elementor-element elementor-element-5e09a2c elementor-section-boxed elementor-section-height-default elementor-section-height-default\" data-id=\"5e09a2c\" data-element_type=\"section\" data-e-type=\"section\">\n\t\t\t\t\t\t<div class=\"elementor-container elementor-column-gap-default\">\n\t\t\t\t\t<div class=\"elementor-column elementor-col-100 elementor-top-column elementor-element elementor-element-360abe3\" data-id=\"360abe3\" data-element_type=\"column\" data-e-type=\"column\">\n\t\t\t<div class=\"elementor-widget-wrap elementor-element-populated\">\n\t\t\t\t\t\t<div class=\"elementor-element elementor-element-fb95413 elementor-widget elementor-widget-heading\" data-id=\"fb95413\" data-element_type=\"widget\" data-e-type=\"widget\" data-widget_type=\"heading.default\">\n\t\t\t\t<div class=\"elementor-widget-container\">\n\t\t\t\t\t<h2 class=\"elementor-heading-title elementor-size-default\">Wie viel Vorsorge kann ich mir als alleinerziehendes Elternteil leisten?<\/h2>\t\t\t\t<\/div>\n\t\t\t\t<\/div>\n\t\t\t\t\t<\/div>\n\t\t<\/div>\n\t\t\t\t\t<\/div>\n\t\t<\/section>\n\t\t\t\t<section class=\"elementor-section elementor-top-section elementor-element elementor-element-2346bc8 elementor-section-boxed elementor-section-height-default elementor-section-height-default\" data-id=\"2346bc8\" data-element_type=\"section\" data-e-type=\"section\">\n\t\t\t\t\t\t<div class=\"elementor-container elementor-column-gap-default\">\n\t\t\t\t\t<div class=\"elementor-column elementor-col-50 elementor-top-column elementor-element elementor-element-89aff6a\" data-id=\"89aff6a\" data-element_type=\"column\" data-e-type=\"column\">\n\t\t\t<div class=\"elementor-widget-wrap elementor-element-populated\">\n\t\t\t\t\t\t<div class=\"elementor-element elementor-element-1ae0fee elementor-widget elementor-widget-text-editor\" data-id=\"1ae0fee\" data-element_type=\"widget\" data-e-type=\"widget\" data-widget_type=\"text-editor.default\">\n\t\t\t\t<div class=\"elementor-widget-container\">\n\t\t\t\t\t\t\t\t\t<p>Hier empfehle ich die pers\u00f6nliche Beratung. In dieser berechnen wir zun\u00e4chst Ihre Vorsorgel\u00fccke und im Anschluss betrachten wir, mit welchem Aufwand diese geschlossen<br \/>werden kann. Dabei kann der eigene Beitrag durch die staatlichen Zusch\u00fcsse geringer ausfallen als bei einer rein privaten Vorsorge.<\/p><p>Alternativ k\u00f6nnen Sie Ihre Vorsorgel\u00fccke auch im <a href=\"https:\/\/www.vr-teilhaberbank.de\/services_cloud\/portal\/webcomp\/altersvorsorge-gv\">OnlineBanking<\/a> selbst berechnen.<\/p>\t\t\t\t\t\t\t\t<\/div>\n\t\t\t\t<\/div>\n\t\t\t\t\t<\/div>\n\t\t<\/div>\n\t\t\t\t<div class=\"elementor-column elementor-col-50 elementor-top-column elementor-element elementor-element-0120589\" data-id=\"0120589\" data-element_type=\"column\" data-e-type=\"column\">\n\t\t\t<div class=\"elementor-widget-wrap elementor-element-populated\">\n\t\t\t\t\t\t<div class=\"elementor-element elementor-element-3e38e11 elementor-widget elementor-widget-image\" data-id=\"3e38e11\" data-element_type=\"widget\" data-e-type=\"widget\" data-widget_type=\"image.default\">\n\t\t\t\t<div class=\"elementor-widget-container\">\n\t\t\t\t\t\t\t\t\t\t\t\t\t\t\t<img decoding=\"async\" width=\"300\" height=\"300\" src=\"https:\/\/www.vr-teilhaberbank.blog\/vrblog\/wp-content\/uploads\/2021\/04\/AV-Alleinerziehende-1-300x300.jpg\" class=\"attachment-medium size-medium wp-image-10841\" alt=\"Kind steht neben der Mutter, die am Schreibtisch sitzt\" srcset=\"https:\/\/www.vr-teilhaberbank.blog\/vrblog\/wp-content\/uploads\/2021\/04\/AV-Alleinerziehende-1-300x300.jpg 300w, https:\/\/www.vr-teilhaberbank.blog\/vrblog\/wp-content\/uploads\/2021\/04\/AV-Alleinerziehende-1-150x150.jpg 150w, https:\/\/www.vr-teilhaberbank.blog\/vrblog\/wp-content\/uploads\/2021\/04\/AV-Alleinerziehende-1.jpg 600w\" sizes=\"(max-width: 300px) 100vw, 300px\" \/>\t\t\t\t\t\t\t\t\t\t\t\t\t\t\t<\/div>\n\t\t\t\t<\/div>\n\t\t\t\t\t<\/div>\n\t\t<\/div>\n\t\t\t\t\t<\/div>\n\t\t<\/section>\n\t\t\t\t<section class=\"elementor-section elementor-top-section elementor-element elementor-element-99247d7 elementor-section-boxed elementor-section-height-default elementor-section-height-default\" data-id=\"99247d7\" data-element_type=\"section\" data-e-type=\"section\">\n\t\t\t\t\t\t<div class=\"elementor-container elementor-column-gap-default\">\n\t\t\t\t\t<div class=\"elementor-column elementor-col-100 elementor-top-column elementor-element elementor-element-fac4e3b\" data-id=\"fac4e3b\" data-element_type=\"column\" data-e-type=\"column\">\n\t\t\t<div class=\"elementor-widget-wrap elementor-element-populated\">\n\t\t\t\t\t\t<div class=\"elementor-element elementor-element-9aecc39 elementor-widget elementor-widget-heading\" data-id=\"9aecc39\" data-element_type=\"widget\" data-e-type=\"widget\" data-widget_type=\"heading.default\">\n\t\t\t\t<div class=\"elementor-widget-container\">\n\t\t\t\t\t<h2 class=\"elementor-heading-title elementor-size-default\">Kann ich F\u00f6rderm\u00f6glichkeiten nutzen?<\/h2>\t\t\t\t<\/div>\n\t\t\t\t<\/div>\n\t\t\t\t\t<\/div>\n\t\t<\/div>\n\t\t\t\t\t<\/div>\n\t\t<\/section>\n\t\t\t\t<section class=\"elementor-section elementor-top-section elementor-element elementor-element-e01ca60 elementor-section-boxed elementor-section-height-default elementor-section-height-default\" data-id=\"e01ca60\" data-element_type=\"section\" data-e-type=\"section\">\n\t\t\t\t\t\t<div class=\"elementor-container elementor-column-gap-default\">\n\t\t\t\t\t<div class=\"elementor-column elementor-col-100 elementor-top-column elementor-element elementor-element-9b12a44\" data-id=\"9b12a44\" data-element_type=\"column\" data-e-type=\"column\">\n\t\t\t<div class=\"elementor-widget-wrap elementor-element-populated\">\n\t\t\t\t\t\t<div class=\"elementor-element elementor-element-c006a13 elementor-widget elementor-widget-text-editor\" data-id=\"c006a13\" data-element_type=\"widget\" data-e-type=\"widget\" data-widget_type=\"text-editor.default\">\n\t\t\t\t<div class=\"elementor-widget-container\">\n\t\t\t\t\t\t\t\t\t<p>Dies k\u00f6nnen wir sehr gerne in einem pers\u00f6nlichen Gespr\u00e4ch \u00fcberpr\u00fcfen. F\u00fcr die <a href=\"https:\/\/www.vr-teilhaberbank.blog\/vrblog\/riester-rente\/\" target=\"_blank\" rel=\"noopener\">Riesterf\u00f6rderung<\/a> ist es zum Beispiel wichtig, ein sozialversicherungspflichtiges Einkommen zu haben. Auch Beamte und Bezieher von Lohnersatzleistungen (z. B. Arbeitslosengeld) geh\u00f6ren dazu, bzw. Menschen, die sich in der Kindererziehungszeit befinden (die ersten 3 Jahre bzw. 36 Monate nach Ablauf des Geburtsmonats des Kindes).<\/p><p>Auch Hinweise zur Nutzung der betrieblichen Altersvorsorge geben wir gerne in einem pers\u00f6nlichen Gespr\u00e4ch.<\/p>\t\t\t\t\t\t\t\t<\/div>\n\t\t\t\t<\/div>\n\t\t\t\t\t<\/div>\n\t\t<\/div>\n\t\t\t\t\t<\/div>\n\t\t<\/section>\n\t\t\t\t<section class=\"elementor-section elementor-top-section elementor-element elementor-element-11b7467 elementor-section-boxed elementor-section-height-default elementor-section-height-default\" data-id=\"11b7467\" data-element_type=\"section\" data-e-type=\"section\">\n\t\t\t\t\t\t<div class=\"elementor-container elementor-column-gap-default\">\n\t\t\t\t\t<div class=\"elementor-column elementor-col-100 elementor-top-column elementor-element elementor-element-c559528\" data-id=\"c559528\" data-element_type=\"column\" data-e-type=\"column\">\n\t\t\t<div class=\"elementor-widget-wrap elementor-element-populated\">\n\t\t\t\t\t\t<div class=\"elementor-element elementor-element-f0c27cd elementor-widget elementor-widget-heading\" data-id=\"f0c27cd\" data-element_type=\"widget\" data-e-type=\"widget\" data-widget_type=\"heading.default\">\n\t\t\t\t<div class=\"elementor-widget-container\">\n\t\t\t\t\t<h2 class=\"elementor-heading-title elementor-size-default\">Hier gibts noch mehr Experten-Talks<\/h2>\t\t\t\t<\/div>\n\t\t\t\t<\/div>\n\t\t\t\t\t<\/div>\n\t\t<\/div>\n\t\t\t\t\t<\/div>\n\t\t<\/section>\n\t\t\t\t<section class=\"elementor-section elementor-top-section elementor-element elementor-element-2848824 elementor-section-boxed elementor-section-height-default elementor-section-height-default\" data-id=\"2848824\" data-element_type=\"section\" data-e-type=\"section\">\n\t\t\t\t\t\t<div class=\"elementor-container elementor-column-gap-default\">\n\t\t\t\t\t<div class=\"elementor-column elementor-col-100 elementor-top-column elementor-element elementor-element-236b171\" data-id=\"236b171\" data-element_type=\"column\" data-e-type=\"column\">\n\t\t\t<div class=\"elementor-widget-wrap elementor-element-populated\">\n\t\t\t\t\t\t<div class=\"elementor-element elementor-element-20fbcea elementor-widget elementor-widget-text-editor\" data-id=\"20fbcea\" data-element_type=\"widget\" data-e-type=\"widget\" data-widget_type=\"text-editor.default\">\n\t\t\t\t<div class=\"elementor-widget-container\">\n\t\t\t\t\t\t\t\t\t<p>In unserer Reihe <a href=\"https:\/\/www.vr-teilhaberbank.blog\/vrblog\/category\/vr-experten-talk\/\" target=\"_blank\" rel=\"noopener\">VR Experten-Talk<\/a> kommen regelm\u00e4\u00dfig Fachleute zu aktuellen Finanz- und Bankingthemen zu Wort. Schauen Sie doch mal rein!<\/p>\t\t\t\t\t\t\t\t<\/div>\n\t\t\t\t<\/div>\n\t\t\t\t\t<\/div>\n\t\t<\/div>\n\t\t\t\t\t<\/div>\n\t\t<\/section>\n\t\t\t\t<section class=\"elementor-section elementor-top-section elementor-element elementor-element-8177d1a elementor-section-boxed elementor-section-height-default elementor-section-height-default\" data-id=\"8177d1a\" data-element_type=\"section\" data-e-type=\"section\" data-settings=\"{&quot;background_background&quot;:&quot;gradient&quot;}\">\n\t\t\t\t\t\t\t<div class=\"elementor-background-overlay\"><\/div>\n\t\t\t\t\t\t\t<div class=\"elementor-container elementor-column-gap-default\">\n\t\t\t\t\t<div class=\"elementor-column elementor-col-50 elementor-top-column elementor-element elementor-element-8f3e61e\" data-id=\"8f3e61e\" data-element_type=\"column\" data-e-type=\"column\">\n\t\t\t<div class=\"elementor-widget-wrap elementor-element-populated\">\n\t\t\t\t\t\t<div class=\"elementor-element elementor-element-22d8e6a elementor-widget elementor-widget-heading\" data-id=\"22d8e6a\" data-element_type=\"widget\" data-e-type=\"widget\" data-widget_type=\"heading.default\">\n\t\t\t\t<div class=\"elementor-widget-container\">\n\t\t\t\t\t<div class=\"elementor-heading-title elementor-size-default\">Gerne sind wir zum Thema Altersvorsorge auch pers\u00f6nlich f\u00fcr Sie da. Vereinbaren Sie einfach online einen Beratungstermin - pers\u00f6nlich, telefonisch oder per Video-Beratung.<\/div>\t\t\t\t<\/div>\n\t\t\t\t<\/div>\n\t\t\t\t\t<\/div>\n\t\t<\/div>\n\t\t\t\t<div class=\"elementor-column elementor-col-50 elementor-top-column elementor-element elementor-element-a06002c\" data-id=\"a06002c\" data-element_type=\"column\" data-e-type=\"column\">\n\t\t\t<div class=\"elementor-widget-wrap elementor-element-populated\">\n\t\t\t\t\t\t<div class=\"elementor-element elementor-element-e8345cd elementor-align-center elementor-widget elementor-widget-button\" data-id=\"e8345cd\" data-element_type=\"widget\" data-e-type=\"widget\" data-settings=\"{&quot;_animation&quot;:&quot;none&quot;}\" data-widget_type=\"button.default\">\n\t\t\t\t<div class=\"elementor-widget-container\">\n\t\t\t\t\t\t\t\t\t<div class=\"elementor-button-wrapper\">\n\t\t\t\t\t<a class=\"elementor-button elementor-button-link elementor-size-md elementor-animation-grow-rotate\" href=\"https:\/\/www.vr-teilhaberbank.de\/service\/online-services\/online-terminvereinbarung.html\">\n\t\t\t\t\t\t<span class=\"elementor-button-content-wrapper\">\n\t\t\t\t\t\t<span class=\"elementor-button-icon\">\n\t\t\t\t<i aria-hidden=\"true\" class=\"fas fa-user-tie\"><\/i>\t\t\t<\/span>\n\t\t\t\t\t\t\t\t\t<span class=\"elementor-button-text\">Jetzt Termin vereinbaren<\/span>\n\t\t\t\t\t<\/span>\n\t\t\t\t\t<\/a>\n\t\t\t\t<\/div>\n\t\t\t\t\t\t\t\t<\/div>\n\t\t\t\t<\/div>\n\t\t\t\t\t<\/div>\n\t\t<\/div>\n\t\t\t\t\t<\/div>\n\t\t<\/section>\n\t\t\t\t<\/div>\n\t\t","protected":false},"excerpt":{"rendered":"<p>Was f\u00fcrs Alter zur\u00fccklegen &#8211; klar ist das sinnvoll. Aber bei Alleinerziehenden steht das Thema Altersvorsorge h\u00e4ufig nicht an erster Stelle. Wenig Zeit, andere Priorit\u00e4ten und vor allem die vielen allt\u00e4glichen kleinen und gro\u00dfen Verpflichtungen. Da rutscht der Banktermin schon mal ganz nach unten auf der To-Do-Liste. Das wollen wir \u00e4ndern! In unserem Experten-Talk zeigen&hellip;&nbsp;<a href=\"https:\/\/www.vr-teilhaberbank.blog\/vrblog\/altersvorsorge-fuer-alleinerziehende\/\" rel=\"bookmark\">Weiterlesen &raquo;<span class=\"screen-reader-text\">VR Experten-Talk: Altersvorsorge f\u00fcr Alleinerziehende<\/span><\/a><\/p>\n","protected":false},"author":13,"featured_media":20286,"comment_status":"open","ping_status":"closed","sticky":false,"template":"","format":"standard","meta":{"neve_meta_sidebar":"","neve_meta_container":"","neve_meta_enable_content_width":"off","neve_meta_content_width":70,"neve_meta_title_alignment":"","neve_meta_author_avatar":"","neve_post_elements_order":"","neve_meta_disable_header":"","neve_meta_disable_footer":"","neve_meta_disable_title":"","footnotes":""},"categories":[227,559,4],"tags":[582,19,124,48,114,57,58],"class_list":["post-10140","post","type-post","status-publish","format-standard","has-post-thumbnail","hentry","category-sicherheit","category-vr-experten-talk","category-vr-teilhaber-blog","tag-alleinerziehende","tag-altersvorsorge","tag-geldanlage","tag-genossenschaftliche-beratung","tag-sparen","tag-vorsorge","tag-zukunft"],"yoast_head":"<!-- This site is optimized with the Yoast SEO plugin v27.5 - https:\/\/yoast.com\/product\/yoast-seo-wordpress\/ -->\n<title>Altersvorsorge f\u00fcr Alleinerziehende<\/title>\n<meta name=\"description\" content=\"Altersvorsorge f\u00fcr Alleinerziehende steht h\u00e4ufig nicht an erster Stelle. Wir zeigen, wie es trotzdem ganz einfach m\u00f6glich ist.\" \/>\n<meta name=\"robots\" content=\"index, follow, max-snippet:-1, max-image-preview:large, max-video-preview:-1\" \/>\n<link rel=\"canonical\" href=\"https:\/\/www.vr-teilhaberbank.blog\/vrblog\/altersvorsorge-fuer-alleinerziehende\/\" \/>\n<meta property=\"og:locale\" content=\"de_DE\" \/>\n<meta property=\"og:type\" content=\"article\" \/>\n<meta property=\"og:title\" content=\"Altersvorsorge f\u00fcr Alleinerziehende\" \/>\n<meta property=\"og:description\" content=\"Altersvorsorge f\u00fcr Alleinerziehende steht h\u00e4ufig nicht an erster Stelle. Wir zeigen, wie es trotzdem ganz einfach m\u00f6glich ist.\" \/>\n<meta property=\"og:url\" content=\"https:\/\/www.vr-teilhaberbank.blog\/vrblog\/altersvorsorge-fuer-alleinerziehende\/\" \/>\n<meta property=\"og:site_name\" content=\"VR Teilhaber Blog\" \/>\n<meta property=\"article:publisher\" content=\"https:\/\/www.facebook.com\/vrbankmetropolregion\" \/>\n<meta property=\"article:published_time\" content=\"2025-10-16T08:19:49+00:00\" \/>\n<meta property=\"article:modified_time\" content=\"2025-10-16T10:13:28+00:00\" \/>\n<meta property=\"og:image\" content=\"https:\/\/www.vr-teilhaberbank.blog\/vrblog\/wp-content\/uploads\/2025\/10\/alleinerziehende.jpg\" \/>\n\t<meta property=\"og:image:width\" content=\"700\" \/>\n\t<meta property=\"og:image:height\" content=\"467\" \/>\n\t<meta property=\"og:image:type\" content=\"image\/jpeg\" \/>\n<meta name=\"author\" content=\"Julia Zureck\" \/>\n<meta name=\"twitter:card\" content=\"summary_large_image\" \/>\n<meta name=\"twitter:label1\" content=\"Verfasst von\" \/>\n\t<meta name=\"twitter:data1\" content=\"Julia Zureck\" \/>\n\t<meta name=\"twitter:label2\" content=\"Gesch\u00e4tzte Lesezeit\" \/>\n\t<meta name=\"twitter:data2\" content=\"4\u00a0Minuten\" \/>\n<script type=\"application\/ld+json\" class=\"yoast-schema-graph\">{\"@context\":\"https:\\\/\\\/schema.org\",\"@graph\":[{\"@type\":[\"Article\",\"BlogPosting\"],\"@id\":\"https:\\\/\\\/www.vr-teilhaberbank.blog\\\/vrblog\\\/altersvorsorge-fuer-alleinerziehende\\\/#article\",\"isPartOf\":{\"@id\":\"https:\\\/\\\/www.vr-teilhaberbank.blog\\\/vrblog\\\/altersvorsorge-fuer-alleinerziehende\\\/\"},\"author\":{\"name\":\"Julia Zureck\",\"@id\":\"https:\\\/\\\/www.vr-teilhaberbank.blog\\\/vrblog\\\/#\\\/schema\\\/person\\\/15a5621ace1cb327fc30a2cbbb28b017\"},\"headline\":\"VR Experten-Talk: Altersvorsorge f\u00fcr Alleinerziehende\",\"datePublished\":\"2025-10-16T08:19:49+00:00\",\"dateModified\":\"2025-10-16T10:13:28+00:00\",\"mainEntityOfPage\":{\"@id\":\"https:\\\/\\\/www.vr-teilhaberbank.blog\\\/vrblog\\\/altersvorsorge-fuer-alleinerziehende\\\/\"},\"wordCount\":555,\"commentCount\":0,\"publisher\":{\"@id\":\"https:\\\/\\\/www.vr-teilhaberbank.blog\\\/vrblog\\\/#organization\"},\"image\":{\"@id\":\"https:\\\/\\\/www.vr-teilhaberbank.blog\\\/vrblog\\\/altersvorsorge-fuer-alleinerziehende\\\/#primaryimage\"},\"thumbnailUrl\":\"https:\\\/\\\/www.vr-teilhaberbank.blog\\\/vrblog\\\/wp-content\\\/uploads\\\/2025\\\/10\\\/alleinerziehende.jpg\",\"keywords\":[\"Alleinerziehende\",\"altersvorsorge\",\"geldanlage\",\"Genossenschaftliche Beratung\",\"sparen\",\"Vorsorge\",\"Zukunft\"],\"articleSection\":[\"Sicherheit\",\"VR Experten-Talk\",\"VR Teilhaber Blog\"],\"inLanguage\":\"de\",\"potentialAction\":[{\"@type\":\"CommentAction\",\"name\":\"Comment\",\"target\":[\"https:\\\/\\\/www.vr-teilhaberbank.blog\\\/vrblog\\\/altersvorsorge-fuer-alleinerziehende\\\/#respond\"]}]},{\"@type\":\"WebPage\",\"@id\":\"https:\\\/\\\/www.vr-teilhaberbank.blog\\\/vrblog\\\/altersvorsorge-fuer-alleinerziehende\\\/\",\"url\":\"https:\\\/\\\/www.vr-teilhaberbank.blog\\\/vrblog\\\/altersvorsorge-fuer-alleinerziehende\\\/\",\"name\":\"Altersvorsorge f\u00fcr Alleinerziehende\",\"isPartOf\":{\"@id\":\"https:\\\/\\\/www.vr-teilhaberbank.blog\\\/vrblog\\\/#website\"},\"primaryImageOfPage\":{\"@id\":\"https:\\\/\\\/www.vr-teilhaberbank.blog\\\/vrblog\\\/altersvorsorge-fuer-alleinerziehende\\\/#primaryimage\"},\"image\":{\"@id\":\"https:\\\/\\\/www.vr-teilhaberbank.blog\\\/vrblog\\\/altersvorsorge-fuer-alleinerziehende\\\/#primaryimage\"},\"thumbnailUrl\":\"https:\\\/\\\/www.vr-teilhaberbank.blog\\\/vrblog\\\/wp-content\\\/uploads\\\/2025\\\/10\\\/alleinerziehende.jpg\",\"datePublished\":\"2025-10-16T08:19:49+00:00\",\"dateModified\":\"2025-10-16T10:13:28+00:00\",\"description\":\"Altersvorsorge f\u00fcr Alleinerziehende steht h\u00e4ufig nicht an erster Stelle. Wir zeigen, wie es trotzdem ganz einfach m\u00f6glich ist.\",\"inLanguage\":\"de\",\"potentialAction\":[{\"@type\":\"ReadAction\",\"target\":[\"https:\\\/\\\/www.vr-teilhaberbank.blog\\\/vrblog\\\/altersvorsorge-fuer-alleinerziehende\\\/\"]}]},{\"@type\":\"ImageObject\",\"inLanguage\":\"de\",\"@id\":\"https:\\\/\\\/www.vr-teilhaberbank.blog\\\/vrblog\\\/altersvorsorge-fuer-alleinerziehende\\\/#primaryimage\",\"url\":\"https:\\\/\\\/www.vr-teilhaberbank.blog\\\/vrblog\\\/wp-content\\\/uploads\\\/2025\\\/10\\\/alleinerziehende.jpg\",\"contentUrl\":\"https:\\\/\\\/www.vr-teilhaberbank.blog\\\/vrblog\\\/wp-content\\\/uploads\\\/2025\\\/10\\\/alleinerziehende.jpg\",\"width\":700,\"height\":467,\"caption\":\"Altersvorsorge f\u00fcr die Alleinerziehende.\"},{\"@type\":\"WebSite\",\"@id\":\"https:\\\/\\\/www.vr-teilhaberbank.blog\\\/vrblog\\\/#website\",\"url\":\"https:\\\/\\\/www.vr-teilhaberbank.blog\\\/vrblog\\\/\",\"name\":\"VR Teilhaber Blog\",\"description\":\"Mit \u2764 von der VR TeilhaberBank erstellt\",\"publisher\":{\"@id\":\"https:\\\/\\\/www.vr-teilhaberbank.blog\\\/vrblog\\\/#organization\"},\"potentialAction\":[{\"@type\":\"SearchAction\",\"target\":{\"@type\":\"EntryPoint\",\"urlTemplate\":\"https:\\\/\\\/www.vr-teilhaberbank.blog\\\/vrblog\\\/?s={search_term_string}\"},\"query-input\":{\"@type\":\"PropertyValueSpecification\",\"valueRequired\":true,\"valueName\":\"search_term_string\"}}],\"inLanguage\":\"de\"},{\"@type\":\"Organization\",\"@id\":\"https:\\\/\\\/www.vr-teilhaberbank.blog\\\/vrblog\\\/#organization\",\"name\":\"VR Teilhaber Blog\",\"url\":\"https:\\\/\\\/www.vr-teilhaberbank.blog\\\/vrblog\\\/\",\"logo\":{\"@type\":\"ImageObject\",\"inLanguage\":\"de\",\"@id\":\"https:\\\/\\\/www.vr-teilhaberbank.blog\\\/vrblog\\\/#\\\/schema\\\/logo\\\/image\\\/\",\"url\":\"https:\\\/\\\/www.vr-teilhaberbank.blog\\\/vrblog\\\/wp-content\\\/uploads\\\/2021\\\/09\\\/cropped-Blog-VR-Bank-Logo.png\",\"contentUrl\":\"https:\\\/\\\/www.vr-teilhaberbank.blog\\\/vrblog\\\/wp-content\\\/uploads\\\/2021\\\/09\\\/cropped-Blog-VR-Bank-Logo.png\",\"width\":400,\"height\":100,\"caption\":\"VR Teilhaber Blog\"},\"image\":{\"@id\":\"https:\\\/\\\/www.vr-teilhaberbank.blog\\\/vrblog\\\/#\\\/schema\\\/logo\\\/image\\\/\"},\"sameAs\":[\"https:\\\/\\\/www.facebook.com\\\/vrbankmetropolregion\",\"https:\\\/\\\/www.instagram.com\\\/vr_bank_metropolregion\"]},{\"@type\":\"Person\",\"@id\":\"https:\\\/\\\/www.vr-teilhaberbank.blog\\\/vrblog\\\/#\\\/schema\\\/person\\\/15a5621ace1cb327fc30a2cbbb28b017\",\"name\":\"Julia Zureck\",\"image\":{\"@type\":\"ImageObject\",\"inLanguage\":\"de\",\"@id\":\"https:\\\/\\\/secure.gravatar.com\\\/avatar\\\/bb7925e6faaaef37c6d719a5d7f10df3d59ff554999b78ef11cd7124608f733d?s=96&d=mm&r=g\",\"url\":\"https:\\\/\\\/secure.gravatar.com\\\/avatar\\\/bb7925e6faaaef37c6d719a5d7f10df3d59ff554999b78ef11cd7124608f733d?s=96&d=mm&r=g\",\"contentUrl\":\"https:\\\/\\\/secure.gravatar.com\\\/avatar\\\/bb7925e6faaaef37c6d719a5d7f10df3d59ff554999b78ef11cd7124608f733d?s=96&d=mm&r=g\",\"caption\":\"Julia Zureck\"},\"description\":\"Vom Berater ins Marketing - Als fr\u00fchere Beraterin im Team kann ich meine kreative Ader ausleben und meine vertriebliche Erfahrung mit einbringen. Meine Lieblingsthemen drehen sich rund um das Thema Online!\",\"sameAs\":[\"https:\\\/\\\/www.vr-teilhaberbank.de\\\/startseite.html\"],\"url\":\"https:\\\/\\\/www.vr-teilhaberbank.blog\\\/vrblog\\\/author\\\/julia-neutze\\\/\"}]}<\/script>\n<!-- \/ Yoast SEO plugin. -->","yoast_head_json":{"title":"Altersvorsorge f\u00fcr Alleinerziehende","description":"Altersvorsorge f\u00fcr Alleinerziehende steht h\u00e4ufig nicht an erster Stelle. Wir zeigen, wie es trotzdem ganz einfach m\u00f6glich ist.","robots":{"index":"index","follow":"follow","max-snippet":"max-snippet:-1","max-image-preview":"max-image-preview:large","max-video-preview":"max-video-preview:-1"},"canonical":"https:\/\/www.vr-teilhaberbank.blog\/vrblog\/altersvorsorge-fuer-alleinerziehende\/","og_locale":"de_DE","og_type":"article","og_title":"Altersvorsorge f\u00fcr Alleinerziehende","og_description":"Altersvorsorge f\u00fcr Alleinerziehende steht h\u00e4ufig nicht an erster Stelle. Wir zeigen, wie es trotzdem ganz einfach m\u00f6glich ist.","og_url":"https:\/\/www.vr-teilhaberbank.blog\/vrblog\/altersvorsorge-fuer-alleinerziehende\/","og_site_name":"VR Teilhaber Blog","article_publisher":"https:\/\/www.facebook.com\/vrbankmetropolregion","article_published_time":"2025-10-16T08:19:49+00:00","article_modified_time":"2025-10-16T10:13:28+00:00","og_image":[{"width":700,"height":467,"url":"https:\/\/www.vr-teilhaberbank.blog\/vrblog\/wp-content\/uploads\/2025\/10\/alleinerziehende.jpg","type":"image\/jpeg"}],"author":"Julia Zureck","twitter_card":"summary_large_image","twitter_misc":{"Verfasst von":"Julia Zureck","Gesch\u00e4tzte Lesezeit":"4\u00a0Minuten"},"schema":{"@context":"https:\/\/schema.org","@graph":[{"@type":["Article","BlogPosting"],"@id":"https:\/\/www.vr-teilhaberbank.blog\/vrblog\/altersvorsorge-fuer-alleinerziehende\/#article","isPartOf":{"@id":"https:\/\/www.vr-teilhaberbank.blog\/vrblog\/altersvorsorge-fuer-alleinerziehende\/"},"author":{"name":"Julia Zureck","@id":"https:\/\/www.vr-teilhaberbank.blog\/vrblog\/#\/schema\/person\/15a5621ace1cb327fc30a2cbbb28b017"},"headline":"VR Experten-Talk: Altersvorsorge f\u00fcr Alleinerziehende","datePublished":"2025-10-16T08:19:49+00:00","dateModified":"2025-10-16T10:13:28+00:00","mainEntityOfPage":{"@id":"https:\/\/www.vr-teilhaberbank.blog\/vrblog\/altersvorsorge-fuer-alleinerziehende\/"},"wordCount":555,"commentCount":0,"publisher":{"@id":"https:\/\/www.vr-teilhaberbank.blog\/vrblog\/#organization"},"image":{"@id":"https:\/\/www.vr-teilhaberbank.blog\/vrblog\/altersvorsorge-fuer-alleinerziehende\/#primaryimage"},"thumbnailUrl":"https:\/\/www.vr-teilhaberbank.blog\/vrblog\/wp-content\/uploads\/2025\/10\/alleinerziehende.jpg","keywords":["Alleinerziehende","altersvorsorge","geldanlage","Genossenschaftliche Beratung","sparen","Vorsorge","Zukunft"],"articleSection":["Sicherheit","VR Experten-Talk","VR Teilhaber Blog"],"inLanguage":"de","potentialAction":[{"@type":"CommentAction","name":"Comment","target":["https:\/\/www.vr-teilhaberbank.blog\/vrblog\/altersvorsorge-fuer-alleinerziehende\/#respond"]}]},{"@type":"WebPage","@id":"https:\/\/www.vr-teilhaberbank.blog\/vrblog\/altersvorsorge-fuer-alleinerziehende\/","url":"https:\/\/www.vr-teilhaberbank.blog\/vrblog\/altersvorsorge-fuer-alleinerziehende\/","name":"Altersvorsorge f\u00fcr Alleinerziehende","isPartOf":{"@id":"https:\/\/www.vr-teilhaberbank.blog\/vrblog\/#website"},"primaryImageOfPage":{"@id":"https:\/\/www.vr-teilhaberbank.blog\/vrblog\/altersvorsorge-fuer-alleinerziehende\/#primaryimage"},"image":{"@id":"https:\/\/www.vr-teilhaberbank.blog\/vrblog\/altersvorsorge-fuer-alleinerziehende\/#primaryimage"},"thumbnailUrl":"https:\/\/www.vr-teilhaberbank.blog\/vrblog\/wp-content\/uploads\/2025\/10\/alleinerziehende.jpg","datePublished":"2025-10-16T08:19:49+00:00","dateModified":"2025-10-16T10:13:28+00:00","description":"Altersvorsorge f\u00fcr Alleinerziehende steht h\u00e4ufig nicht an erster Stelle. Wir zeigen, wie es trotzdem ganz einfach m\u00f6glich ist.","inLanguage":"de","potentialAction":[{"@type":"ReadAction","target":["https:\/\/www.vr-teilhaberbank.blog\/vrblog\/altersvorsorge-fuer-alleinerziehende\/"]}]},{"@type":"ImageObject","inLanguage":"de","@id":"https:\/\/www.vr-teilhaberbank.blog\/vrblog\/altersvorsorge-fuer-alleinerziehende\/#primaryimage","url":"https:\/\/www.vr-teilhaberbank.blog\/vrblog\/wp-content\/uploads\/2025\/10\/alleinerziehende.jpg","contentUrl":"https:\/\/www.vr-teilhaberbank.blog\/vrblog\/wp-content\/uploads\/2025\/10\/alleinerziehende.jpg","width":700,"height":467,"caption":"Altersvorsorge f\u00fcr die Alleinerziehende."},{"@type":"WebSite","@id":"https:\/\/www.vr-teilhaberbank.blog\/vrblog\/#website","url":"https:\/\/www.vr-teilhaberbank.blog\/vrblog\/","name":"VR Teilhaber Blog","description":"Mit \u2764 von der VR TeilhaberBank erstellt","publisher":{"@id":"https:\/\/www.vr-teilhaberbank.blog\/vrblog\/#organization"},"potentialAction":[{"@type":"SearchAction","target":{"@type":"EntryPoint","urlTemplate":"https:\/\/www.vr-teilhaberbank.blog\/vrblog\/?s={search_term_string}"},"query-input":{"@type":"PropertyValueSpecification","valueRequired":true,"valueName":"search_term_string"}}],"inLanguage":"de"},{"@type":"Organization","@id":"https:\/\/www.vr-teilhaberbank.blog\/vrblog\/#organization","name":"VR Teilhaber Blog","url":"https:\/\/www.vr-teilhaberbank.blog\/vrblog\/","logo":{"@type":"ImageObject","inLanguage":"de","@id":"https:\/\/www.vr-teilhaberbank.blog\/vrblog\/#\/schema\/logo\/image\/","url":"https:\/\/www.vr-teilhaberbank.blog\/vrblog\/wp-content\/uploads\/2021\/09\/cropped-Blog-VR-Bank-Logo.png","contentUrl":"https:\/\/www.vr-teilhaberbank.blog\/vrblog\/wp-content\/uploads\/2021\/09\/cropped-Blog-VR-Bank-Logo.png","width":400,"height":100,"caption":"VR Teilhaber Blog"},"image":{"@id":"https:\/\/www.vr-teilhaberbank.blog\/vrblog\/#\/schema\/logo\/image\/"},"sameAs":["https:\/\/www.facebook.com\/vrbankmetropolregion","https:\/\/www.instagram.com\/vr_bank_metropolregion"]},{"@type":"Person","@id":"https:\/\/www.vr-teilhaberbank.blog\/vrblog\/#\/schema\/person\/15a5621ace1cb327fc30a2cbbb28b017","name":"Julia Zureck","image":{"@type":"ImageObject","inLanguage":"de","@id":"https:\/\/secure.gravatar.com\/avatar\/bb7925e6faaaef37c6d719a5d7f10df3d59ff554999b78ef11cd7124608f733d?s=96&d=mm&r=g","url":"https:\/\/secure.gravatar.com\/avatar\/bb7925e6faaaef37c6d719a5d7f10df3d59ff554999b78ef11cd7124608f733d?s=96&d=mm&r=g","contentUrl":"https:\/\/secure.gravatar.com\/avatar\/bb7925e6faaaef37c6d719a5d7f10df3d59ff554999b78ef11cd7124608f733d?s=96&d=mm&r=g","caption":"Julia Zureck"},"description":"Vom Berater ins Marketing - Als fr\u00fchere Beraterin im Team kann ich meine kreative Ader ausleben und meine vertriebliche Erfahrung mit einbringen. Meine Lieblingsthemen drehen sich rund um das Thema Online!","sameAs":["https:\/\/www.vr-teilhaberbank.de\/startseite.html"],"url":"https:\/\/www.vr-teilhaberbank.blog\/vrblog\/author\/julia-neutze\/"}]}},"_links":{"self":[{"href":"https:\/\/www.vr-teilhaberbank.blog\/vrblog\/wp-json\/wp\/v2\/posts\/10140","targetHints":{"allow":["GET"]}}],"collection":[{"href":"https:\/\/www.vr-teilhaberbank.blog\/vrblog\/wp-json\/wp\/v2\/posts"}],"about":[{"href":"https:\/\/www.vr-teilhaberbank.blog\/vrblog\/wp-json\/wp\/v2\/types\/post"}],"author":[{"embeddable":true,"href":"https:\/\/www.vr-teilhaberbank.blog\/vrblog\/wp-json\/wp\/v2\/users\/13"}],"replies":[{"embeddable":true,"href":"https:\/\/www.vr-teilhaberbank.blog\/vrblog\/wp-json\/wp\/v2\/comments?post=10140"}],"version-history":[{"count":90,"href":"https:\/\/www.vr-teilhaberbank.blog\/vrblog\/wp-json\/wp\/v2\/posts\/10140\/revisions"}],"predecessor-version":[{"id":20291,"href":"https:\/\/www.vr-teilhaberbank.blog\/vrblog\/wp-json\/wp\/v2\/posts\/10140\/revisions\/20291"}],"wp:featuredmedia":[{"embeddable":true,"href":"https:\/\/www.vr-teilhaberbank.blog\/vrblog\/wp-json\/wp\/v2\/media\/20286"}],"wp:attachment":[{"href":"https:\/\/www.vr-teilhaberbank.blog\/vrblog\/wp-json\/wp\/v2\/media?parent=10140"}],"wp:term":[{"taxonomy":"category","embeddable":true,"href":"https:\/\/www.vr-teilhaberbank.blog\/vrblog\/wp-json\/wp\/v2\/categories?post=10140"},{"taxonomy":"post_tag","embeddable":true,"href":"https:\/\/www.vr-teilhaberbank.blog\/vrblog\/wp-json\/wp\/v2\/tags?post=10140"}],"curies":[{"name":"wp","href":"https:\/\/api.w.org\/{rel}","templated":true}]}}